{"id":12498,"date":"2021-01-19T17:10:43","date_gmt":"2021-01-19T23:10:43","guid":{"rendered":"http:\/\/elmetidosve.com\/?p=12498"},"modified":"2021-01-19T17:10:54","modified_gmt":"2021-01-19T23:10:54","slug":"buseros-del-oriente-del-pais-son-sancionados-por-cobrar-mas-del-pasaje-autorizado","status":"publish","type":"post","link":"https:\/\/elmetidosv.com\/?p=12498","title":{"rendered":"Buseros del oriente del pa\u00eds son sancionados por cobrar m\u00e1s del pasaje autorizado"},"content":{"rendered":"\n<figure class=\"wp-block-gallery columns-2 is-cropped wp-block-gallery-1 is-layout-flex wp-block-gallery-is-layout-flex\"><ul class=\"blocks-gallery-grid\"><li class=\"blocks-gallery-item\"><figure><img loading=\"lazy\" decoding=\"async\" width=\"360\" height=\"227\" src=\"http:\/\/elmetidosve.com\/wp-content\/uploads\/2021\/01\/0000-98.jpg\" alt=\"\" data-id=\"12499\" data-link=\"http:\/\/elmetidosve.com\/?attachment_id=12499\" class=\"wp-image-12499\" srcset=\"https:\/\/elmetidosv.com\/wp-content\/uploads\/2021\/01\/0000-98.jpg 360w, https:\/\/elmetidosv.com\/wp-content\/uploads\/2021\/01\/0000-98-300x189.jpg 300w\" sizes=\"auto, (max-width: 360px) 100vw, 360px\" \/><\/figure><\/li><li class=\"blocks-gallery-item\"><figure><img loading=\"lazy\" decoding=\"async\" width=\"360\" height=\"270\" src=\"http:\/\/elmetidosve.com\/wp-content\/uploads\/2021\/01\/000-68.jpg\" alt=\"\" data-id=\"12500\" data-link=\"http:\/\/elmetidosve.com\/?attachment_id=12500\" class=\"wp-image-12500\" srcset=\"https:\/\/elmetidosv.com\/wp-content\/uploads\/2021\/01\/000-68.jpg 360w, https:\/\/elmetidosv.com\/wp-content\/uploads\/2021\/01\/000-68-300x225.jpg 300w\" sizes=\"auto, (max-width: 360px) 100vw, 360px\" \/><\/figure><\/li><li class=\"blocks-gallery-item\"><figure><img loading=\"lazy\" decoding=\"async\" width=\"360\" height=\"250\" src=\"http:\/\/elmetidosve.com\/wp-content\/uploads\/2021\/01\/0000-99.jpg\" alt=\"\" data-id=\"12501\" data-full-url=\"http:\/\/elmetidosve.com\/wp-content\/uploads\/2021\/01\/0000-99.jpg\" data-link=\"http:\/\/elmetidosve.com\/?attachment_id=12501\" class=\"wp-image-12501\" srcset=\"https:\/\/elmetidosv.com\/wp-content\/uploads\/2021\/01\/0000-99.jpg 360w, https:\/\/elmetidosv.com\/wp-content\/uploads\/2021\/01\/0000-99-300x208.jpg 300w, https:\/\/elmetidosv.com\/wp-content\/uploads\/2021\/01\/0000-99-130x90.jpg 130w\" sizes=\"auto, (max-width: 360px) 100vw, 360px\" \/><\/figure><\/li><li class=\"blocks-gallery-item\"><figure><img loading=\"lazy\" decoding=\"async\" width=\"360\" height=\"230\" src=\"http:\/\/elmetidosve.com\/wp-content\/uploads\/2021\/01\/000-69.jpg\" alt=\"\" data-id=\"12502\" data-full-url=\"http:\/\/elmetidosve.com\/wp-content\/uploads\/2021\/01\/000-69.jpg\" data-link=\"http:\/\/elmetidosve.com\/?attachment_id=12502\" class=\"wp-image-12502\" srcset=\"https:\/\/elmetidosv.com\/wp-content\/uploads\/2021\/01\/000-69.jpg 360w, https:\/\/elmetidosv.com\/wp-content\/uploads\/2021\/01\/000-69-300x192.jpg 300w\" sizes=\"auto, (max-width: 360px) 100vw, 360px\" \/><\/figure><\/li><\/ul><\/figure>\n\n\n\n<p>El Viceministerio de Transporte (VMT) inform\u00f3 este martes que fueron sancionados varios conductores del transporte colectivo en el oriente del pa\u00eds, porque cobraban m\u00e1s del pasaje autorizado.<\/p>\n\n\n\n<p>Adem\u00e1s, los buseros tambi\u00e9n estaban trasladando a pasajeros parados y provocando aglomeraciones en las unidades, cuando a\u00fan se est\u00e1 combatiendo el COVID-19. En ambos casos se les coloc\u00f3 una multa.<\/p>\n\n\n\n<p>Seg\u00fan el Ministerio de Salud, los autobuses como los microbuses del transporte colectivo, son el segundo lugar con mayor probabilidad de adquirir el coronavirus.<\/p>\n\n\n\n<p>Las autoridades del VMT detallaron que mantienen operativos sorpresas con todos los conductores, con el objetivo que cumplan con la ley de tr\u00e1nsito y evitar percances viales.<\/p>\n\n\n\n<p>El sitio web, covid19.gob.sv, detall\u00f3 que en el pa\u00eds se contabilizan 51,437 casos de COVID-19, desde que se registr\u00f3 el primer caso en marzo del 2020 en el municipio de Metap\u00e1n del departamento de Santa Ana.<\/p>\n","protected":false},"excerpt":{"rendered":"<p>El Viceministerio de Transporte (VMT) inform\u00f3 este martes que fueron sancionados varios conductores del transporte colectivo en el oriente del<\/p>\n","protected":false},"author":2,"featured_media":12501,"comment_status":"open","ping_status":"open","sticky":false,"template":"","format":"standard","meta":{"colormag_page_container_layout":"default_layout","colormag_page_sidebar_layout":"default_layout","footnotes":""},"categories":[1],"tags":[],"class_list":["post-12498","post","type-post","status-publish","format-standard","has-post-thumbnail","hentry","category-nacional"],"_links":{"self":[{"href":"https:\/\/elmetidosv.com\/index.php?rest_route=\/wp\/v2\/posts\/12498","targetHints":{"allow":["GET"]}}],"collection":[{"href":"https:\/\/elmetidosv.com\/index.php?rest_route=\/wp\/v2\/posts"}],"about":[{"href":"https:\/\/elmetidosv.com\/index.php?rest_route=\/wp\/v2\/types\/post"}],"author":[{"embeddable":true,"href":"https:\/\/elmetidosv.com\/index.php?rest_route=\/wp\/v2\/users\/2"}],"replies":[{"embeddable":true,"href":"https:\/\/elmetidosv.com\/index.php?rest_route=%2Fwp%2Fv2%2Fcomments&post=12498"}],"version-history":[{"count":1,"href":"https:\/\/elmetidosv.com\/index.php?rest_route=\/wp\/v2\/posts\/12498\/revisions"}],"predecessor-version":[{"id":12503,"href":"https:\/\/elmetidosv.com\/index.php?rest_route=\/wp\/v2\/posts\/12498\/revisions\/12503"}],"wp:featuredmedia":[{"embeddable":true,"href":"https:\/\/elmetidosv.com\/index.php?rest_route=\/wp\/v2\/media\/12501"}],"wp:attachment":[{"href":"https:\/\/elmetidosv.com\/index.php?rest_route=%2Fwp%2Fv2%2Fmedia&parent=12498"}],"wp:term":[{"taxonomy":"category","embeddable":true,"href":"https:\/\/elmetidosv.com\/index.php?rest_route=%2Fwp%2Fv2%2Fcategories&post=12498"},{"taxonomy":"post_tag","embeddable":true,"href":"https:\/\/elmetidosv.com\/index.php?rest_route=%2Fwp%2Fv2%2Ftags&post=12498"}],"curies":[{"name":"wp","href":"https:\/\/api.w.org\/{rel}","templated":true}]}}