{"id":12353,"date":"2021-01-13T17:59:38","date_gmt":"2021-01-13T23:59:38","guid":{"rendered":"http:\/\/elmetidosve.com\/?p=12353"},"modified":"2021-01-13T17:59:45","modified_gmt":"2021-01-13T23:59:45","slug":"camara-de-representantes-de-ee-uu-inicia-por-segunda-vez-un-juicio-politico-contra-trump","status":"publish","type":"post","link":"https:\/\/elmetidosv.com\/?p=12353","title":{"rendered":"C\u00e1mara de Representantes de EE.UU. inicia, por segunda vez, un juicio pol\u00edtico contra Trump"},"content":{"rendered":"\n<p>Con 232 votos a favor y 197 en contra, la C\u00e1mara de Representantes de Estados Unidos aprob\u00f3 iniciar un\u00a0proceso de destituci\u00f3n contra el presidente Donald Trump.\u00a0Diez representantes republicanos se unieron a la votaci\u00f3n de los dem\u00f3cratas. Trump es el primer presidente en la historia de Estados Unidos en ser acusado por segunda vez con una votaci\u00f3n r\u00e1pida y bipartidista. Esta vez, los dem\u00f3cratas intentan condenar su papel en la incitaci\u00f3n a los\u00a0disturbios en el Capitolio.<br><\/p>\n","protected":false},"excerpt":{"rendered":"<p>Con 232 votos a favor y 197 en contra, la C\u00e1mara de Representantes de Estados Unidos aprob\u00f3 iniciar un\u00a0proceso de<\/p>\n","protected":false},"author":2,"featured_media":12358,"comment_status":"open","ping_status":"open","sticky":false,"template":"","format":"standard","meta":{"colormag_page_container_layout":"default_layout","colormag_page_sidebar_layout":"default_layout","footnotes":""},"categories":[3],"tags":[],"class_list":["post-12353","post","type-post","status-publish","format-standard","has-post-thumbnail","hentry","category-internacional"],"_links":{"self":[{"href":"https:\/\/elmetidosv.com\/index.php?rest_route=\/wp\/v2\/posts\/12353","targetHints":{"allow":["GET"]}}],"collection":[{"href":"https:\/\/elmetidosv.com\/index.php?rest_route=\/wp\/v2\/posts"}],"about":[{"href":"https:\/\/elmetidosv.com\/index.php?rest_route=\/wp\/v2\/types\/post"}],"author":[{"embeddable":true,"href":"https:\/\/elmetidosv.com\/index.php?rest_route=\/wp\/v2\/users\/2"}],"replies":[{"embeddable":true,"href":"https:\/\/elmetidosv.com\/index.php?rest_route=%2Fwp%2Fv2%2Fcomments&post=12353"}],"version-history":[{"count":1,"href":"https:\/\/elmetidosv.com\/index.php?rest_route=\/wp\/v2\/posts\/12353\/revisions"}],"predecessor-version":[{"id":12359,"href":"https:\/\/elmetidosv.com\/index.php?rest_route=\/wp\/v2\/posts\/12353\/revisions\/12359"}],"wp:featuredmedia":[{"embeddable":true,"href":"https:\/\/elmetidosv.com\/index.php?rest_route=\/wp\/v2\/media\/12358"}],"wp:attachment":[{"href":"https:\/\/elmetidosv.com\/index.php?rest_route=%2Fwp%2Fv2%2Fmedia&parent=12353"}],"wp:term":[{"taxonomy":"category","embeddable":true,"href":"https:\/\/elmetidosv.com\/index.php?rest_route=%2Fwp%2Fv2%2Fcategories&post=12353"},{"taxonomy":"post_tag","embeddable":true,"href":"https:\/\/elmetidosv.com\/index.php?rest_route=%2Fwp%2Fv2%2Ftags&post=12353"}],"curies":[{"name":"wp","href":"https:\/\/api.w.org\/{rel}","templated":true}]}}