{"id":12344,"date":"2021-01-13T17:49:39","date_gmt":"2021-01-13T23:49:39","guid":{"rendered":"http:\/\/elmetidosve.com\/?p=12344"},"modified":"2021-01-13T17:49:49","modified_gmt":"2021-01-13T23:49:49","slug":"las-empresas-tecnologicas-abandonan-la-neutralidad-y-reaccionan-ante-los-grupos-politicos-violentos","status":"publish","type":"post","link":"https:\/\/elmetidosv.com\/?p=12344","title":{"rendered":"Las empresas tecnol\u00f3gicas abandonan la neutralidad y reaccionan ante los grupos pol\u00edticos violentos"},"content":{"rendered":"\n<p>Luego de los disturbios en el Capitolio de EE.UU. del 6 de enero, m\u00e1s compa\u00f1\u00edas tecnol\u00f3gicas han tomado acci\u00f3n para evitar que los grupos pol\u00edticos violentos utilicen las redes sociales para generar m\u00e1s disturbios. Luego de que Twitter y Facebook cerraran la cuenta del presidente Donald Trump, otras empresas tambi\u00e9n han tomado acci\u00f3n. Google y Apple eliminaron la aplicaci\u00f3n Parler, y Amazon lo elimin\u00f3 de su servicio de alojamiento en la nube. Parler respondi\u00f3 con una demanda contra Amazon.<br><\/p>\n","protected":false},"excerpt":{"rendered":"<p>Luego de los disturbios en el Capitolio de EE.UU. del 6 de enero, m\u00e1s compa\u00f1\u00edas tecnol\u00f3gicas han tomado acci\u00f3n para<\/p>\n","protected":false},"author":2,"featured_media":12349,"comment_status":"open","ping_status":"open","sticky":false,"template":"","format":"standard","meta":{"colormag_page_container_layout":"default_layout","colormag_page_sidebar_layout":"default_layout","footnotes":""},"categories":[3],"tags":[],"class_list":["post-12344","post","type-post","status-publish","format-standard","has-post-thumbnail","hentry","category-internacional"],"_links":{"self":[{"href":"https:\/\/elmetidosv.com\/index.php?rest_route=\/wp\/v2\/posts\/12344","targetHints":{"allow":["GET"]}}],"collection":[{"href":"https:\/\/elmetidosv.com\/index.php?rest_route=\/wp\/v2\/posts"}],"about":[{"href":"https:\/\/elmetidosv.com\/index.php?rest_route=\/wp\/v2\/types\/post"}],"author":[{"embeddable":true,"href":"https:\/\/elmetidosv.com\/index.php?rest_route=\/wp\/v2\/users\/2"}],"replies":[{"embeddable":true,"href":"https:\/\/elmetidosv.com\/index.php?rest_route=%2Fwp%2Fv2%2Fcomments&post=12344"}],"version-history":[{"count":1,"href":"https:\/\/elmetidosv.com\/index.php?rest_route=\/wp\/v2\/posts\/12344\/revisions"}],"predecessor-version":[{"id":12350,"href":"https:\/\/elmetidosv.com\/index.php?rest_route=\/wp\/v2\/posts\/12344\/revisions\/12350"}],"wp:featuredmedia":[{"embeddable":true,"href":"https:\/\/elmetidosv.com\/index.php?rest_route=\/wp\/v2\/media\/12349"}],"wp:attachment":[{"href":"https:\/\/elmetidosv.com\/index.php?rest_route=%2Fwp%2Fv2%2Fmedia&parent=12344"}],"wp:term":[{"taxonomy":"category","embeddable":true,"href":"https:\/\/elmetidosv.com\/index.php?rest_route=%2Fwp%2Fv2%2Fcategories&post=12344"},{"taxonomy":"post_tag","embeddable":true,"href":"https:\/\/elmetidosv.com\/index.php?rest_route=%2Fwp%2Fv2%2Ftags&post=12344"}],"curies":[{"name":"wp","href":"https:\/\/api.w.org\/{rel}","templated":true}]}}