{"id":12247,"date":"2021-01-11T16:33:55","date_gmt":"2021-01-11T22:33:55","guid":{"rendered":"http:\/\/elmetidosve.com\/?p=12247"},"modified":"2021-01-11T16:34:02","modified_gmt":"2021-01-11T22:34:02","slug":"pnc-detiene-a-peligroso-pandillero-en-el-departamento-de-ahuachapan","status":"publish","type":"post","link":"https:\/\/elmetidosv.com\/?p=12247","title":{"rendered":"PNC detiene a  peligroso pandillero en el departamento de Ahuachap\u00e1n"},"content":{"rendered":"\n<figure class=\"wp-block-image\"><img decoding=\"async\" src=\"https:\/\/pbs.twimg.com\/media\/EreDJCDXYAckwBd?format=jpg&amp;name=small\" alt=\"Imagen\"\/><\/figure>\n\n\n\n<p>La Polic\u00eda Nacional Civil (PNC) arrest\u00f3 a un peligroso pandillero en el departamento de Ahuachap\u00e1n este lunes, al occidente del pa\u00eds, por portar un arma de fuego sin documentaci\u00f3n.<\/p>\n\n\n\n<p>El delincuente fue identificado como Roberto Carlos Barrientos Pineda, quien est\u00e1 perfilado como el \u201cT\u00edo\u201d. La detenci\u00f3n se realiz\u00f3 en el municipio de Atiquizaya del referido departamento.<\/p>\n\n\n\n<p>El arma se les realizar\u00e1 la prueba bal\u00edstica correspondiente para confirmar si el a\u00b4rma no ha sido utilizada en otro hecho delictivo.<\/p>\n\n\n\n<p>La captura se realiz\u00f3 en el marco del Plan Control Territorial que desarrolla el Gobierno del Presidente Bukele, el cual se ejecuta con la PNC y soldados de la Fuerza Armada de El Salvador (FAES).<br><\/p>\n","protected":false},"excerpt":{"rendered":"<p>La Polic\u00eda Nacional Civil (PNC) arrest\u00f3 a un peligroso pandillero en el departamento de Ahuachap\u00e1n este lunes, al occidente del<\/p>\n","protected":false},"author":2,"featured_media":12248,"comment_status":"open","ping_status":"open","sticky":false,"template":"","format":"standard","meta":{"colormag_page_container_layout":"default_layout","colormag_page_sidebar_layout":"default_layout","footnotes":""},"categories":[1],"tags":[],"class_list":["post-12247","post","type-post","status-publish","format-standard","has-post-thumbnail","hentry","category-nacional"],"_links":{"self":[{"href":"https:\/\/elmetidosv.com\/index.php?rest_route=\/wp\/v2\/posts\/12247","targetHints":{"allow":["GET"]}}],"collection":[{"href":"https:\/\/elmetidosv.com\/index.php?rest_route=\/wp\/v2\/posts"}],"about":[{"href":"https:\/\/elmetidosv.com\/index.php?rest_route=\/wp\/v2\/types\/post"}],"author":[{"embeddable":true,"href":"https:\/\/elmetidosv.com\/index.php?rest_route=\/wp\/v2\/users\/2"}],"replies":[{"embeddable":true,"href":"https:\/\/elmetidosv.com\/index.php?rest_route=%2Fwp%2Fv2%2Fcomments&post=12247"}],"version-history":[{"count":1,"href":"https:\/\/elmetidosv.com\/index.php?rest_route=\/wp\/v2\/posts\/12247\/revisions"}],"predecessor-version":[{"id":12249,"href":"https:\/\/elmetidosv.com\/index.php?rest_route=\/wp\/v2\/posts\/12247\/revisions\/12249"}],"wp:featuredmedia":[{"embeddable":true,"href":"https:\/\/elmetidosv.com\/index.php?rest_route=\/wp\/v2\/media\/12248"}],"wp:attachment":[{"href":"https:\/\/elmetidosv.com\/index.php?rest_route=%2Fwp%2Fv2%2Fmedia&parent=12247"}],"wp:term":[{"taxonomy":"category","embeddable":true,"href":"https:\/\/elmetidosv.com\/index.php?rest_route=%2Fwp%2Fv2%2Fcategories&post=12247"},{"taxonomy":"post_tag","embeddable":true,"href":"https:\/\/elmetidosv.com\/index.php?rest_route=%2Fwp%2Fv2%2Ftags&post=12247"}],"curies":[{"name":"wp","href":"https:\/\/api.w.org\/{rel}","templated":true}]}}