{"id":1217,"date":"2020-04-02T18:06:47","date_gmt":"2020-04-03T00:06:47","guid":{"rendered":"http:\/\/elmetidosve.com\/?p=1217"},"modified":"2020-04-02T18:06:54","modified_gmt":"2020-04-03T00:06:54","slug":"moscu-registra-la-primera-muerte-por-coronavirus-de-un-paciente-menor-de-40-anos","status":"publish","type":"post","link":"https:\/\/elmetidosv.com\/?p=1217","title":{"rendered":"Mosc\u00fa registra la primera muerte por coronavirus de un paciente menor de 40 a\u00f1os"},"content":{"rendered":"\n<p>La regi\u00f3n de Mosc\u00fa es el epicentro de la pandemia en Rusia: la capital contabiliza 2.475 pacientes diagnosticados con el virus, casi el 70 % del total en el pa\u00eds.<\/p>\n\n\n\n<p>Un hombre de 39 a\u00f1os, con neumon\u00eda bilateral confirmada, se convirti\u00f3 en la primera v\u00edctima fatal registrada en Mosc\u00fa de un paciente menor de 40 a\u00f1os por causa del coronavirus, inform\u00f3 la sede operativa de gesti\u00f3n de la pandemia de covid-19 en Rusia.<\/p>\n\n\n\n<p>\u00abEl paciente estuvo conectado al aparato de ventilaci\u00f3n mec\u00e1nica durante tres d\u00edas. Ten\u00eda taquicardia, insuficiencia org\u00e1nica m\u00faltiple y otras dolencias\u00bb, reza el comunicado del organismo.<\/p>\n\n\n\n<p>Por su parte, Den\u00eds Protsenko, jefe del hospital de Kommunarka \u2013centro m\u00e9dico que atiende a los pacientes infectados con el coronavirus en Mosc\u00fa\u2013,\u00a0confirm\u00f3\u00a0la noticia y detall\u00f3 que el paciente, que ya sufr\u00eda de \u00abobesidad e hipertensi\u00f3n, muri\u00f3 por complicaciones de la infecci\u00f3n por coronavirus, en forma de s\u00edndrome de dificultad respiratoria aguda\u00bb.<\/p>\n\n\n\n<ul class=\"wp-block-list\"><li>Hasta la fecha, las autoridades sanitarias rusas han confirmado\u00a0un total de 3.548 casos de covid-19, as\u00ed como 30 muertes\u00a0y 235 pacientes recuperados.<\/li><li>El mayor n\u00famero de infectados se concentra en la parte occidental del pa\u00eds, con epicentro en la regi\u00f3n de Mosc\u00fa: la capital contabiliza 2.475 pacientes diagnosticados con el virus, casi el 70 % del total en Rusia.<\/li><li>El presidente Vlad\u00edmir Putin\u00a0admiti\u00f3\u00a0este jueves que la pandemia del nuevo coronavirus contin\u00faa avanzando en Mosc\u00fa a pesar de todas las medidas introducidas para contenerla.<\/li><li>Por su parte, el alcalde de Mosc\u00fa, Sergu\u00e9i Sobianin,\u00a0firm\u00f3\u00a0una\u00a0ley\u00a0que establece\u00a0multas por violaci\u00f3n del r\u00e9gimen de autoaislamiento\u00a0impuesto en la capital para frenar la propagaci\u00f3n del SARS-CoV-2.<\/li><\/ul>\n\n\n\n<p><a href=\"https:\/\/news.google.com\/publications\/CAAqBwgKMNS13gIwkpwc?hl=es-419&amp;gl=MX&amp;ceid=MX%3Aes-419\" target=\"_blank\" rel=\"noreferrer noopener\"><\/a><\/p>\n","protected":false},"excerpt":{"rendered":"<p>La regi\u00f3n de Mosc\u00fa es el epicentro de la pandemia en Rusia: la capital contabiliza 2.475 pacientes diagnosticados con el<\/p>\n","protected":false},"author":1,"featured_media":1218,"comment_status":"open","ping_status":"open","sticky":false,"template":"","format":"standard","meta":{"colormag_page_container_layout":"default_layout","colormag_page_sidebar_layout":"default_layout","footnotes":""},"categories":[3],"tags":[],"class_list":["post-1217","post","type-post","status-publish","format-standard","has-post-thumbnail","hentry","category-internacional"],"_links":{"self":[{"href":"https:\/\/elmetidosv.com\/index.php?rest_route=\/wp\/v2\/posts\/1217","targetHints":{"allow":["GET"]}}],"collection":[{"href":"https:\/\/elmetidosv.com\/index.php?rest_route=\/wp\/v2\/posts"}],"about":[{"href":"https:\/\/elmetidosv.com\/index.php?rest_route=\/wp\/v2\/types\/post"}],"author":[{"embeddable":true,"href":"https:\/\/elmetidosv.com\/index.php?rest_route=\/wp\/v2\/users\/1"}],"replies":[{"embeddable":true,"href":"https:\/\/elmetidosv.com\/index.php?rest_route=%2Fwp%2Fv2%2Fcomments&post=1217"}],"version-history":[{"count":1,"href":"https:\/\/elmetidosv.com\/index.php?rest_route=\/wp\/v2\/posts\/1217\/revisions"}],"predecessor-version":[{"id":1219,"href":"https:\/\/elmetidosv.com\/index.php?rest_route=\/wp\/v2\/posts\/1217\/revisions\/1219"}],"wp:featuredmedia":[{"embeddable":true,"href":"https:\/\/elmetidosv.com\/index.php?rest_route=\/wp\/v2\/media\/1218"}],"wp:attachment":[{"href":"https:\/\/elmetidosv.com\/index.php?rest_route=%2Fwp%2Fv2%2Fmedia&parent=1217"}],"wp:term":[{"taxonomy":"category","embeddable":true,"href":"https:\/\/elmetidosv.com\/index.php?rest_route=%2Fwp%2Fv2%2Fcategories&post=1217"},{"taxonomy":"post_tag","embeddable":true,"href":"https:\/\/elmetidosv.com\/index.php?rest_route=%2Fwp%2Fv2%2Ftags&post=1217"}],"curies":[{"name":"wp","href":"https:\/\/api.w.org\/{rel}","templated":true}]}}