{"id":11981,"date":"2020-12-30T12:26:55","date_gmt":"2020-12-30T18:26:55","guid":{"rendered":"http:\/\/elmetidosve.com\/?p=11981"},"modified":"2020-12-30T12:27:03","modified_gmt":"2020-12-30T18:27:03","slug":"accidente-vial-en-mejicanos","status":"publish","type":"post","link":"https:\/\/elmetidosv.com\/?p=11981","title":{"rendered":"Accidente vial en Mejicanos"},"content":{"rendered":"\n<figure class=\"wp-block-gallery columns-2 is-cropped wp-block-gallery-1 is-layout-flex wp-block-gallery-is-layout-flex\"><ul class=\"blocks-gallery-grid\"><li class=\"blocks-gallery-item\"><figure><img loading=\"lazy\" decoding=\"async\" width=\"680\" height=\"510\" src=\"http:\/\/elmetidosve.com\/wp-content\/uploads\/2020\/12\/0000-173.jpg\" alt=\"\" data-id=\"11982\" data-full-url=\"http:\/\/elmetidosve.com\/wp-content\/uploads\/2020\/12\/0000-173.jpg\" data-link=\"http:\/\/elmetidosve.com\/?attachment_id=11982\" class=\"wp-image-11982\" srcset=\"https:\/\/elmetidosv.com\/wp-content\/uploads\/2020\/12\/0000-173.jpg 680w, https:\/\/elmetidosv.com\/wp-content\/uploads\/2020\/12\/0000-173-300x225.jpg 300w\" sizes=\"auto, (max-width: 680px) 100vw, 680px\" \/><\/figure><\/li><li class=\"blocks-gallery-item\"><figure><img loading=\"lazy\" decoding=\"async\" width=\"680\" height=\"510\" src=\"http:\/\/elmetidosve.com\/wp-content\/uploads\/2020\/12\/000-122.jpg\" alt=\"\" data-id=\"11983\" data-full-url=\"http:\/\/elmetidosve.com\/wp-content\/uploads\/2020\/12\/000-122.jpg\" data-link=\"http:\/\/elmetidosve.com\/?attachment_id=11983\" class=\"wp-image-11983\" srcset=\"https:\/\/elmetidosv.com\/wp-content\/uploads\/2020\/12\/000-122.jpg 680w, https:\/\/elmetidosv.com\/wp-content\/uploads\/2020\/12\/000-122-300x225.jpg 300w\" sizes=\"auto, (max-width: 680px) 100vw, 680px\" \/><\/figure><\/li><\/ul><\/figure>\n\n\n\n<p>Una persona result\u00f3 lesionada, esta ma\u00f1ana de mi\u00e9rcoles, tras sufrir un accidente de tr\u00e1nsito, en el departamento de San Salvador.<\/p>\n\n\n\n<p>El siniestro tuvo lugar final sobre el final de la 29 avenida Norte y la s\u00e9ptima calle Poniente, en la colonia Bonanza, en el municipio de Mejicanos.<\/p>\n\n\n\n<p>Socorristas de Cruz Roja llegaron al lugar y le brindaron las primeras atenciones al lesionado, quien despu\u00e9s fue trasladado hacia el hospital Zacamil en condici\u00f3n estable.<\/p>\n\n\n\n<p>De acuerdo con el reporte, el conductor del cami\u00f3n perdi\u00f3 el control del mismo y fue a impactar contra el muro de una vivienda que sufri\u00f3 algunos da\u00f1os por el fuerte impacto.<\/p>\n","protected":false},"excerpt":{"rendered":"<p>Una persona result\u00f3 lesionada, esta ma\u00f1ana de mi\u00e9rcoles, tras sufrir un accidente de tr\u00e1nsito, en el departamento de San Salvador.<\/p>\n","protected":false},"author":2,"featured_media":11982,"comment_status":"open","ping_status":"open","sticky":false,"template":"","format":"standard","meta":{"colormag_page_container_layout":"default_layout","colormag_page_sidebar_layout":"default_layout","footnotes":""},"categories":[1],"tags":[],"class_list":["post-11981","post","type-post","status-publish","format-standard","has-post-thumbnail","hentry","category-nacional"],"_links":{"self":[{"href":"https:\/\/elmetidosv.com\/index.php?rest_route=\/wp\/v2\/posts\/11981","targetHints":{"allow":["GET"]}}],"collection":[{"href":"https:\/\/elmetidosv.com\/index.php?rest_route=\/wp\/v2\/posts"}],"about":[{"href":"https:\/\/elmetidosv.com\/index.php?rest_route=\/wp\/v2\/types\/post"}],"author":[{"embeddable":true,"href":"https:\/\/elmetidosv.com\/index.php?rest_route=\/wp\/v2\/users\/2"}],"replies":[{"embeddable":true,"href":"https:\/\/elmetidosv.com\/index.php?rest_route=%2Fwp%2Fv2%2Fcomments&post=11981"}],"version-history":[{"count":1,"href":"https:\/\/elmetidosv.com\/index.php?rest_route=\/wp\/v2\/posts\/11981\/revisions"}],"predecessor-version":[{"id":11984,"href":"https:\/\/elmetidosv.com\/index.php?rest_route=\/wp\/v2\/posts\/11981\/revisions\/11984"}],"wp:featuredmedia":[{"embeddable":true,"href":"https:\/\/elmetidosv.com\/index.php?rest_route=\/wp\/v2\/media\/11982"}],"wp:attachment":[{"href":"https:\/\/elmetidosv.com\/index.php?rest_route=%2Fwp%2Fv2%2Fmedia&parent=11981"}],"wp:term":[{"taxonomy":"category","embeddable":true,"href":"https:\/\/elmetidosv.com\/index.php?rest_route=%2Fwp%2Fv2%2Fcategories&post=11981"},{"taxonomy":"post_tag","embeddable":true,"href":"https:\/\/elmetidosv.com\/index.php?rest_route=%2Fwp%2Fv2%2Ftags&post=11981"}],"curies":[{"name":"wp","href":"https:\/\/api.w.org\/{rel}","templated":true}]}}