{"id":1191,"date":"2020-04-01T17:58:08","date_gmt":"2020-04-01T23:58:08","guid":{"rendered":"http:\/\/elmetidosve.com\/?p=1191"},"modified":"2020-04-01T17:58:16","modified_gmt":"2020-04-01T23:58:16","slug":"se-confirma-segundo-fallecido-por-covid-19-en-el-pais","status":"publish","type":"post","link":"https:\/\/elmetidosv.com\/?p=1191","title":{"rendered":"Se confirma segundo fallecido por Covid-19 en el pais"},"content":{"rendered":"\n<figure class=\"wp-block-gallery columns-2 is-cropped wp-block-gallery-1 is-layout-flex wp-block-gallery-is-layout-flex\"><ul class=\"blocks-gallery-grid\"><li class=\"blocks-gallery-item\"><figure><img loading=\"lazy\" decoding=\"async\" width=\"1024\" height=\"482\" src=\"http:\/\/elmetidosve.com\/wp-content\/uploads\/2020\/04\/0-1024x482.png\" alt=\"\" data-id=\"1193\" data-link=\"http:\/\/elmetidosve.com\/?attachment_id=1193\" class=\"wp-image-1193\" srcset=\"https:\/\/elmetidosv.com\/wp-content\/uploads\/2020\/04\/0-1024x482.png 1024w, https:\/\/elmetidosv.com\/wp-content\/uploads\/2020\/04\/0-300x141.png 300w, https:\/\/elmetidosv.com\/wp-content\/uploads\/2020\/04\/0-768x361.png 768w, https:\/\/elmetidosv.com\/wp-content\/uploads\/2020\/04\/0.png 1227w\" sizes=\"auto, (max-width: 1024px) 100vw, 1024px\" \/><\/figure><\/li><li class=\"blocks-gallery-item\"><figure><img loading=\"lazy\" decoding=\"async\" width=\"1024\" height=\"373\" src=\"http:\/\/elmetidosve.com\/wp-content\/uploads\/2020\/04\/0000-1024x373.png\" alt=\"\" data-id=\"1194\" data-full-url=\"http:\/\/elmetidosve.com\/wp-content\/uploads\/2020\/04\/0000.png\" data-link=\"http:\/\/elmetidosve.com\/?attachment_id=1194\" class=\"wp-image-1194\" srcset=\"https:\/\/elmetidosv.com\/wp-content\/uploads\/2020\/04\/0000-1024x373.png 1024w, https:\/\/elmetidosv.com\/wp-content\/uploads\/2020\/04\/0000-300x109.png 300w, https:\/\/elmetidosv.com\/wp-content\/uploads\/2020\/04\/0000-768x280.png 768w, https:\/\/elmetidosv.com\/wp-content\/uploads\/2020\/04\/0000.png 1356w\" sizes=\"auto, (max-width: 1024px) 100vw, 1024px\" \/><\/figure><\/li><\/ul><\/figure>\n\n\n\n<p>Las autoridades del Gabinete de Salud Ampliado confirmaron esta tarde de mi\u00e9rcoles sobre la segunda persona fallecida en territorio salvadore\u00f1o a causa del coronavirus o Covid-19.<\/p>\n\n\n\n<p>En conferencia de prensa, el ministro de Salud, Francisco Alabi, afirm\u00f3 que se trata de un caso aut\u00f3ctono, el cual es un hombre de 89 a\u00f1os de edad.<\/p>\n\n\n\n<p>Esta persona hab\u00eda sido referida a un hospital de la zona Oriental del pa\u00eds, con s\u00edntomas asociados, luego fue trasladado al hospital Salda\u00f1a, el pasado 17 de marzo.<\/p>\n\n\n\n<p><br>El caso de este hombre es considerado \u201clocal\u201d, por lo que las autoridades iniciaron con el rastreo de los contactos del paciente, con el fin de verificar posibles infectados.<\/p>\n\n\n\n<p>\u201cEn este caso el contagio se dio en El Salvador, luego de que (el hombre) estuvo en contacto con un paciente contagiado en otro pa\u00eds\u201d detall\u00f3 el ministro Alabi.<\/p>\n\n\n\n<p>Con el fallecimiento de este paciente, suman dos casos fatales en el pa\u00eds, luego que el martes se confirmara la primer v\u00edctima, una mujer mayor de 60 a\u00f1os que lleg\u00f3 al pa\u00eds proveniente de Estados Unidos.<\/p>\n\n\n\n<p><\/p>\n","protected":false},"excerpt":{"rendered":"<p>Las autoridades del Gabinete de Salud Ampliado confirmaron esta tarde de mi\u00e9rcoles sobre la segunda persona fallecida en territorio salvadore\u00f1o<\/p>\n","protected":false},"author":1,"featured_media":1195,"comment_status":"open","ping_status":"open","sticky":false,"template":"","format":"standard","meta":{"colormag_page_container_layout":"default_layout","colormag_page_sidebar_layout":"default_layout","footnotes":""},"categories":[1],"tags":[],"class_list":["post-1191","post","type-post","status-publish","format-standard","has-post-thumbnail","hentry","category-nacional"],"_links":{"self":[{"href":"https:\/\/elmetidosv.com\/index.php?rest_route=\/wp\/v2\/posts\/1191","targetHints":{"allow":["GET"]}}],"collection":[{"href":"https:\/\/elmetidosv.com\/index.php?rest_route=\/wp\/v2\/posts"}],"about":[{"href":"https:\/\/elmetidosv.com\/index.php?rest_route=\/wp\/v2\/types\/post"}],"author":[{"embeddable":true,"href":"https:\/\/elmetidosv.com\/index.php?rest_route=\/wp\/v2\/users\/1"}],"replies":[{"embeddable":true,"href":"https:\/\/elmetidosv.com\/index.php?rest_route=%2Fwp%2Fv2%2Fcomments&post=1191"}],"version-history":[{"count":1,"href":"https:\/\/elmetidosv.com\/index.php?rest_route=\/wp\/v2\/posts\/1191\/revisions"}],"predecessor-version":[{"id":1196,"href":"https:\/\/elmetidosv.com\/index.php?rest_route=\/wp\/v2\/posts\/1191\/revisions\/1196"}],"wp:featuredmedia":[{"embeddable":true,"href":"https:\/\/elmetidosv.com\/index.php?rest_route=\/wp\/v2\/media\/1195"}],"wp:attachment":[{"href":"https:\/\/elmetidosv.com\/index.php?rest_route=%2Fwp%2Fv2%2Fmedia&parent=1191"}],"wp:term":[{"taxonomy":"category","embeddable":true,"href":"https:\/\/elmetidosv.com\/index.php?rest_route=%2Fwp%2Fv2%2Fcategories&post=1191"},{"taxonomy":"post_tag","embeddable":true,"href":"https:\/\/elmetidosv.com\/index.php?rest_route=%2Fwp%2Fv2%2Ftags&post=1191"}],"curies":[{"name":"wp","href":"https:\/\/api.w.org\/{rel}","templated":true}]}}