{"id":11784,"date":"2020-12-23T16:50:51","date_gmt":"2020-12-23T22:50:51","guid":{"rendered":"http:\/\/elmetidosve.com\/?p=11784"},"modified":"2020-12-23T16:50:59","modified_gmt":"2020-12-23T22:50:59","slug":"un-grave-accidente-de-transito-se-registro-esta-manana-en-la-libertad","status":"publish","type":"post","link":"https:\/\/elmetidosv.com\/?p=11784","title":{"rendered":"Un grave accidente de tr\u00e1nsito se registr\u00f3 esta ma\u00f1ana en La Libertad"},"content":{"rendered":"\n<figure class=\"wp-block-gallery columns-2 is-cropped wp-block-gallery-1 is-layout-flex wp-block-gallery-is-layout-flex\"><ul class=\"blocks-gallery-grid\"><li class=\"blocks-gallery-item\"><figure><img loading=\"lazy\" decoding=\"async\" width=\"450\" height=\"387\" src=\"http:\/\/elmetidosve.com\/wp-content\/uploads\/2020\/12\/0000-131.jpg\" alt=\"\" data-id=\"11785\" data-full-url=\"http:\/\/elmetidosve.com\/wp-content\/uploads\/2020\/12\/0000-131.jpg\" data-link=\"http:\/\/elmetidosve.com\/?attachment_id=11785\" class=\"wp-image-11785\" srcset=\"https:\/\/elmetidosv.com\/wp-content\/uploads\/2020\/12\/0000-131.jpg 450w, https:\/\/elmetidosv.com\/wp-content\/uploads\/2020\/12\/0000-131-300x258.jpg 300w\" sizes=\"auto, (max-width: 450px) 100vw, 450px\" \/><\/figure><\/li><li class=\"blocks-gallery-item\"><figure><img loading=\"lazy\" decoding=\"async\" width=\"233\" height=\"380\" src=\"http:\/\/elmetidosve.com\/wp-content\/uploads\/2020\/12\/000-91.jpg\" alt=\"\" data-id=\"11786\" data-full-url=\"http:\/\/elmetidosve.com\/wp-content\/uploads\/2020\/12\/000-91.jpg\" data-link=\"http:\/\/elmetidosve.com\/?attachment_id=11786\" class=\"wp-image-11786\" srcset=\"https:\/\/elmetidosv.com\/wp-content\/uploads\/2020\/12\/000-91.jpg 233w, https:\/\/elmetidosv.com\/wp-content\/uploads\/2020\/12\/000-91-184x300.jpg 184w\" sizes=\"auto, (max-width: 233px) 100vw, 233px\" \/><\/figure><\/li><\/ul><\/figure>\n\n\n\n<p>Un grave accidente de tr\u00e1nsito se registr\u00f3 esta ma\u00f1ana de mi\u00e9rcoles en el kil\u00f3metro 28 de la carretera que de Sonsonate conduce hacia Lourdes, Col\u00f3n, La Libertad, donde una rastra y un furg\u00f3n se vieron involucrados.<\/p>\n\n\n\n<p>De acuerdo con los reportes de cuerpos de socorro, dos personas quedaron atrapadas en el cabezal, el cual qued\u00f3 destruido tras el impacto.<\/p>\n\n\n\n<p>Para liberar a las v\u00edctimas, rescatistas utilizaron equipo hidr\u00e1ulico para poder extraer a una joven y el conductor, quienes posteriormente fueron trasladados hacia centros asistenciales.<\/p>\n\n\n\n<p>Los pacientes fueron identificados como Jennifer Carolina Arriola, de 22 a\u00f1os; y Carlos Lemus, de 29 a\u00f1os. Ambos presentaban graves lesiones y fueron llevados a diferentes centros m\u00e9dicos de Santa Tecla.<\/p>\n\n\n\n<p>Seg\u00fan las inspecciones, la rastra color rojo, en el que viajaban los j\u00f3venes, choc\u00f3 contra la parte trasera del furg\u00f3n.<\/p>\n","protected":false},"excerpt":{"rendered":"<p>Un grave accidente de tr\u00e1nsito se registr\u00f3 esta ma\u00f1ana de mi\u00e9rcoles en el kil\u00f3metro 28 de la carretera que de<\/p>\n","protected":false},"author":2,"featured_media":11785,"comment_status":"open","ping_status":"open","sticky":false,"template":"","format":"standard","meta":{"colormag_page_container_layout":"default_layout","colormag_page_sidebar_layout":"default_layout","footnotes":""},"categories":[1],"tags":[],"class_list":["post-11784","post","type-post","status-publish","format-standard","has-post-thumbnail","hentry","category-nacional"],"_links":{"self":[{"href":"https:\/\/elmetidosv.com\/index.php?rest_route=\/wp\/v2\/posts\/11784","targetHints":{"allow":["GET"]}}],"collection":[{"href":"https:\/\/elmetidosv.com\/index.php?rest_route=\/wp\/v2\/posts"}],"about":[{"href":"https:\/\/elmetidosv.com\/index.php?rest_route=\/wp\/v2\/types\/post"}],"author":[{"embeddable":true,"href":"https:\/\/elmetidosv.com\/index.php?rest_route=\/wp\/v2\/users\/2"}],"replies":[{"embeddable":true,"href":"https:\/\/elmetidosv.com\/index.php?rest_route=%2Fwp%2Fv2%2Fcomments&post=11784"}],"version-history":[{"count":1,"href":"https:\/\/elmetidosv.com\/index.php?rest_route=\/wp\/v2\/posts\/11784\/revisions"}],"predecessor-version":[{"id":11787,"href":"https:\/\/elmetidosv.com\/index.php?rest_route=\/wp\/v2\/posts\/11784\/revisions\/11787"}],"wp:featuredmedia":[{"embeddable":true,"href":"https:\/\/elmetidosv.com\/index.php?rest_route=\/wp\/v2\/media\/11785"}],"wp:attachment":[{"href":"https:\/\/elmetidosv.com\/index.php?rest_route=%2Fwp%2Fv2%2Fmedia&parent=11784"}],"wp:term":[{"taxonomy":"category","embeddable":true,"href":"https:\/\/elmetidosv.com\/index.php?rest_route=%2Fwp%2Fv2%2Fcategories&post=11784"},{"taxonomy":"post_tag","embeddable":true,"href":"https:\/\/elmetidosv.com\/index.php?rest_route=%2Fwp%2Fv2%2Ftags&post=11784"}],"curies":[{"name":"wp","href":"https:\/\/api.w.org\/{rel}","templated":true}]}}