{"id":11772,"date":"2020-12-22T17:33:36","date_gmt":"2020-12-22T23:33:36","guid":{"rendered":"http:\/\/elmetidosve.com\/?p=11772"},"modified":"2020-12-22T17:33:44","modified_gmt":"2020-12-22T23:33:44","slug":"vmt-supervisa-en-el-occidente-del-pais-el-cumplimiento-de-medidas-de-bioseguridad","status":"publish","type":"post","link":"https:\/\/elmetidosv.com\/?p=11772","title":{"rendered":"VMT supervisa en el occidente del pa\u00eds el cumplimiento de medidas de bioseguridad"},"content":{"rendered":"\n<figure class=\"wp-block-gallery columns-2 is-cropped wp-block-gallery-1 is-layout-flex wp-block-gallery-is-layout-flex\"><ul class=\"blocks-gallery-grid\"><li class=\"blocks-gallery-item\"><figure><img loading=\"lazy\" decoding=\"async\" width=\"360\" height=\"296\" src=\"http:\/\/elmetidosve.com\/wp-content\/uploads\/2020\/12\/0000-127.jpg\" alt=\"\" data-id=\"11773\" data-link=\"http:\/\/elmetidosve.com\/?attachment_id=11773\" class=\"wp-image-11773\" srcset=\"https:\/\/elmetidosv.com\/wp-content\/uploads\/2020\/12\/0000-127.jpg 360w, https:\/\/elmetidosv.com\/wp-content\/uploads\/2020\/12\/0000-127-300x247.jpg 300w\" sizes=\"auto, (max-width: 360px) 100vw, 360px\" \/><\/figure><\/li><li class=\"blocks-gallery-item\"><figure><img loading=\"lazy\" decoding=\"async\" width=\"360\" height=\"270\" src=\"http:\/\/elmetidosve.com\/wp-content\/uploads\/2020\/12\/000-89.jpg\" alt=\"\" data-id=\"11774\" data-link=\"http:\/\/elmetidosve.com\/?attachment_id=11774\" class=\"wp-image-11774\" srcset=\"https:\/\/elmetidosv.com\/wp-content\/uploads\/2020\/12\/000-89.jpg 360w, https:\/\/elmetidosv.com\/wp-content\/uploads\/2020\/12\/000-89-300x225.jpg 300w\" sizes=\"auto, (max-width: 360px) 100vw, 360px\" \/><\/figure><\/li><li class=\"blocks-gallery-item\"><figure><img loading=\"lazy\" decoding=\"async\" width=\"360\" height=\"250\" src=\"http:\/\/elmetidosve.com\/wp-content\/uploads\/2020\/12\/0000-128.jpg\" alt=\"\" data-id=\"11775\" data-full-url=\"http:\/\/elmetidosve.com\/wp-content\/uploads\/2020\/12\/0000-128.jpg\" data-link=\"http:\/\/elmetidosve.com\/?attachment_id=11775\" class=\"wp-image-11775\" srcset=\"https:\/\/elmetidosv.com\/wp-content\/uploads\/2020\/12\/0000-128.jpg 360w, https:\/\/elmetidosv.com\/wp-content\/uploads\/2020\/12\/0000-128-300x208.jpg 300w, https:\/\/elmetidosv.com\/wp-content\/uploads\/2020\/12\/0000-128-130x90.jpg 130w\" sizes=\"auto, (max-width: 360px) 100vw, 360px\" \/><\/figure><\/li><li class=\"blocks-gallery-item\"><figure><img loading=\"lazy\" decoding=\"async\" width=\"360\" height=\"246\" src=\"http:\/\/elmetidosve.com\/wp-content\/uploads\/2020\/12\/000-90.jpg\" alt=\"\" data-id=\"11776\" data-full-url=\"http:\/\/elmetidosve.com\/wp-content\/uploads\/2020\/12\/000-90.jpg\" data-link=\"http:\/\/elmetidosve.com\/?attachment_id=11776\" class=\"wp-image-11776\" srcset=\"https:\/\/elmetidosv.com\/wp-content\/uploads\/2020\/12\/000-90.jpg 360w, https:\/\/elmetidosv.com\/wp-content\/uploads\/2020\/12\/000-90-300x205.jpg 300w, https:\/\/elmetidosv.com\/wp-content\/uploads\/2020\/12\/000-90-130x90.jpg 130w\" sizes=\"auto, (max-width: 360px) 100vw, 360px\" \/><\/figure><\/li><\/ul><\/figure>\n\n\n\n<p>El Viceministerio de Transporte (VMT) realiz\u00f3 este martes en el occidente del pa\u00eds un control vehicular, con el objetivo de verificar el cumplimiento de las medidas de bioseguridad para prevenir casos de COVID-19.<\/p>\n\n\n\n<p>El personal del VMT supervis\u00f3 que las personas usen mascarillas y que se est\u00e9 guardando el distanciamiento f\u00edsico, esto para evitar la propagaci\u00f3n de este virus.<\/p>\n\n\n\n<p>Adem\u00e1s, en este tipo de acciones se suman los agentes de la Divisi\u00f3n de Tr\u00e1nsito de la Polic\u00eda Nacional Civil (PNC), con el objetivo que los buseros y microbuseros cobren la tarifa autorizada y no se realice alzas ilegales.<\/p>\n\n\n\n<p>Seg\u00fan el sitio web covid19.gob.sv, en el pa\u00eds se contabilizan 43,772 de casos confirmados. De esta cifra se han recuperado 39,362 personas en la red publica hospitalaria.<br><\/p>\n","protected":false},"excerpt":{"rendered":"<p>El Viceministerio de Transporte (VMT) realiz\u00f3 este martes en el occidente del pa\u00eds un control vehicular, con el objetivo de<\/p>\n","protected":false},"author":2,"featured_media":11773,"comment_status":"open","ping_status":"open","sticky":false,"template":"","format":"standard","meta":{"colormag_page_container_layout":"default_layout","colormag_page_sidebar_layout":"default_layout","footnotes":""},"categories":[1],"tags":[],"class_list":["post-11772","post","type-post","status-publish","format-standard","has-post-thumbnail","hentry","category-nacional"],"_links":{"self":[{"href":"https:\/\/elmetidosv.com\/index.php?rest_route=\/wp\/v2\/posts\/11772","targetHints":{"allow":["GET"]}}],"collection":[{"href":"https:\/\/elmetidosv.com\/index.php?rest_route=\/wp\/v2\/posts"}],"about":[{"href":"https:\/\/elmetidosv.com\/index.php?rest_route=\/wp\/v2\/types\/post"}],"author":[{"embeddable":true,"href":"https:\/\/elmetidosv.com\/index.php?rest_route=\/wp\/v2\/users\/2"}],"replies":[{"embeddable":true,"href":"https:\/\/elmetidosv.com\/index.php?rest_route=%2Fwp%2Fv2%2Fcomments&post=11772"}],"version-history":[{"count":1,"href":"https:\/\/elmetidosv.com\/index.php?rest_route=\/wp\/v2\/posts\/11772\/revisions"}],"predecessor-version":[{"id":11777,"href":"https:\/\/elmetidosv.com\/index.php?rest_route=\/wp\/v2\/posts\/11772\/revisions\/11777"}],"wp:featuredmedia":[{"embeddable":true,"href":"https:\/\/elmetidosv.com\/index.php?rest_route=\/wp\/v2\/media\/11773"}],"wp:attachment":[{"href":"https:\/\/elmetidosv.com\/index.php?rest_route=%2Fwp%2Fv2%2Fmedia&parent=11772"}],"wp:term":[{"taxonomy":"category","embeddable":true,"href":"https:\/\/elmetidosv.com\/index.php?rest_route=%2Fwp%2Fv2%2Fcategories&post=11772"},{"taxonomy":"post_tag","embeddable":true,"href":"https:\/\/elmetidosv.com\/index.php?rest_route=%2Fwp%2Fv2%2Ftags&post=11772"}],"curies":[{"name":"wp","href":"https:\/\/api.w.org\/{rel}","templated":true}]}}