{"id":11768,"date":"2020-12-22T17:14:44","date_gmt":"2020-12-22T23:14:44","guid":{"rendered":"http:\/\/elmetidosve.com\/?p=11768"},"modified":"2020-12-22T17:16:34","modified_gmt":"2020-12-22T23:16:34","slug":"un-fuerte-accidente-se-registro-sobre-la-carretera-troncal-del-norte","status":"publish","type":"post","link":"https:\/\/elmetidosv.com\/?p=11768","title":{"rendered":"Un fuerte accidente se registro sobre la carretera Troncal del Norte"},"content":{"rendered":"\n<p> Un fuerte accidente se registra a esta hora del mediod\u00eda sobre el kil\u00f3metro 7\u00bd  de la carretera Troncal del Norte, frente a la colonia Las Colinas, jurisdicci\u00f3n de Ciudad Delgado.<\/p>\n\n\n\n<p>En el lugar, el conductor de un veh\u00edculo particular perdi\u00f3 el control del automotor  y colision\u00f3 contra el separador de los carriles en la arter\u00eda.  El impacto fue tal, que el automotor termin\u00f3 incrust\u00e1ndose sobre la valla de concreto.<\/p>\n\n\n\n<p>Elementos de comandos de Salvamento acudieron al lugar y atendieron al menos a tres personas que resultaron con lesiones leves, por lo que no hubo necesidad de trasladarlas a un centro m\u00e9dico.<\/p>\n\n\n\n<p>Agentes de la Divisi\u00f3n de Transito de la Polic\u00eda Nacional Civil (PNC) tambi\u00e9n acudieron al lugar para determinar las causas del accidente y deducir responsabilidades.<\/p>\n\n\n\n<p>Se cree que las causa del accidente fue la excesiva velocidad y distracci\u00f3n a la hora de conducir.<\/p>\n","protected":false},"excerpt":{"rendered":"<p>Un fuerte accidente se registra a esta hora del mediod\u00eda sobre el kil\u00f3metro 7\u00bd de la carretera Troncal del Norte,<\/p>\n","protected":false},"author":2,"featured_media":11769,"comment_status":"open","ping_status":"open","sticky":false,"template":"","format":"standard","meta":{"colormag_page_container_layout":"default_layout","colormag_page_sidebar_layout":"default_layout","footnotes":""},"categories":[1],"tags":[],"class_list":["post-11768","post","type-post","status-publish","format-standard","has-post-thumbnail","hentry","category-nacional"],"_links":{"self":[{"href":"https:\/\/elmetidosv.com\/index.php?rest_route=\/wp\/v2\/posts\/11768","targetHints":{"allow":["GET"]}}],"collection":[{"href":"https:\/\/elmetidosv.com\/index.php?rest_route=\/wp\/v2\/posts"}],"about":[{"href":"https:\/\/elmetidosv.com\/index.php?rest_route=\/wp\/v2\/types\/post"}],"author":[{"embeddable":true,"href":"https:\/\/elmetidosv.com\/index.php?rest_route=\/wp\/v2\/users\/2"}],"replies":[{"embeddable":true,"href":"https:\/\/elmetidosv.com\/index.php?rest_route=%2Fwp%2Fv2%2Fcomments&post=11768"}],"version-history":[{"count":2,"href":"https:\/\/elmetidosv.com\/index.php?rest_route=\/wp\/v2\/posts\/11768\/revisions"}],"predecessor-version":[{"id":11771,"href":"https:\/\/elmetidosv.com\/index.php?rest_route=\/wp\/v2\/posts\/11768\/revisions\/11771"}],"wp:featuredmedia":[{"embeddable":true,"href":"https:\/\/elmetidosv.com\/index.php?rest_route=\/wp\/v2\/media\/11769"}],"wp:attachment":[{"href":"https:\/\/elmetidosv.com\/index.php?rest_route=%2Fwp%2Fv2%2Fmedia&parent=11768"}],"wp:term":[{"taxonomy":"category","embeddable":true,"href":"https:\/\/elmetidosv.com\/index.php?rest_route=%2Fwp%2Fv2%2Fcategories&post=11768"},{"taxonomy":"post_tag","embeddable":true,"href":"https:\/\/elmetidosv.com\/index.php?rest_route=%2Fwp%2Fv2%2Ftags&post=11768"}],"curies":[{"name":"wp","href":"https:\/\/api.w.org\/{rel}","templated":true}]}}