{"id":11607,"date":"2020-12-16T16:43:21","date_gmt":"2020-12-16T22:43:21","guid":{"rendered":"http:\/\/elmetidosve.com\/?p=11607"},"modified":"2020-12-16T16:43:30","modified_gmt":"2020-12-16T22:43:30","slug":"francia-entrega-insumos-medicos-para-personal-que-labora-en-primera-linea","status":"publish","type":"post","link":"https:\/\/elmetidosv.com\/?p=11607","title":{"rendered":"Francia entrega insumos m\u00e9dicos para personal que labora en primera l\u00ednea"},"content":{"rendered":"\n<figure class=\"wp-block-gallery columns-2 is-cropped wp-block-gallery-1 is-layout-flex wp-block-gallery-is-layout-flex\"><ul class=\"blocks-gallery-grid\"><li class=\"blocks-gallery-item\"><figure><img loading=\"lazy\" decoding=\"async\" width=\"680\" height=\"453\" src=\"http:\/\/elmetidosve.com\/wp-content\/uploads\/2020\/12\/0000-88.jpg\" alt=\"\" data-id=\"11608\" data-full-url=\"http:\/\/elmetidosve.com\/wp-content\/uploads\/2020\/12\/0000-88.jpg\" data-link=\"http:\/\/elmetidosve.com\/?attachment_id=11608\" class=\"wp-image-11608\" srcset=\"https:\/\/elmetidosv.com\/wp-content\/uploads\/2020\/12\/0000-88.jpg 680w, https:\/\/elmetidosv.com\/wp-content\/uploads\/2020\/12\/0000-88-300x200.jpg 300w\" sizes=\"auto, (max-width: 680px) 100vw, 680px\" \/><\/figure><\/li><li class=\"blocks-gallery-item\"><figure><img loading=\"lazy\" decoding=\"async\" width=\"680\" height=\"453\" src=\"http:\/\/elmetidosve.com\/wp-content\/uploads\/2020\/12\/000-57.jpg\" alt=\"\" data-id=\"11609\" data-full-url=\"http:\/\/elmetidosve.com\/wp-content\/uploads\/2020\/12\/000-57.jpg\" data-link=\"http:\/\/elmetidosve.com\/?attachment_id=11609\" class=\"wp-image-11609\" srcset=\"https:\/\/elmetidosv.com\/wp-content\/uploads\/2020\/12\/000-57.jpg 680w, https:\/\/elmetidosv.com\/wp-content\/uploads\/2020\/12\/000-57-300x200.jpg 300w\" sizes=\"auto, (max-width: 680px) 100vw, 680px\" \/><\/figure><\/li><\/ul><\/figure>\n\n\n\n<p>La Secretar\u00eda de Prensa de la Presidencia inform\u00f3 este mi\u00e9rcoles que recibi\u00f3 de Francia un donativo de insumos m\u00e9dicos para el personal que labora en primera l\u00ednea.<\/p>\n\n\n\n<p>El donativo consiste en: ox\u00edmetros, term\u00f3metros infrarrojos, mascarillas quir\u00fargicas y de triple filtro, explic\u00f3 el Ministro de Salud, Francisco Alabi, en el almac\u00e9n El Para\u00edso, lugar que se recibi\u00f3 el equipo m\u00e9dico.<\/p>\n\n\n\n<p>\u201cAgradezco al Gobierno de Francia, a su embajador, Francois Bonet. Este donativo se sumar\u00e1 a nuestro trabajo\u201d, asegur\u00f3 Alabi en la conferencia de prensa.<\/p>\n\n\n\n<p>Desde que comenz\u00f3 la pandemia una de las prioridades del Gobierno del Presidente de la Rep\u00fablica, Nayib Bukele, es equipar al personal m\u00e9dico, con el objetivo de protegerlo del nuevo coronavirus.<\/p>\n\n\n\n<p>Las autoridades del Ministerio de Salud hacen un llamado a la ciudadan\u00eda a cumplir con las medidas de bioseguridad, porque el COVID-19 sigue en el entorno.<\/p>\n","protected":false},"excerpt":{"rendered":"<p>La Secretar\u00eda de Prensa de la Presidencia inform\u00f3 este mi\u00e9rcoles que recibi\u00f3 de Francia un donativo de insumos m\u00e9dicos para<\/p>\n","protected":false},"author":2,"featured_media":11608,"comment_status":"open","ping_status":"open","sticky":false,"template":"","format":"standard","meta":{"colormag_page_container_layout":"default_layout","colormag_page_sidebar_layout":"default_layout","footnotes":""},"categories":[1],"tags":[],"class_list":["post-11607","post","type-post","status-publish","format-standard","has-post-thumbnail","hentry","category-nacional"],"_links":{"self":[{"href":"https:\/\/elmetidosv.com\/index.php?rest_route=\/wp\/v2\/posts\/11607","targetHints":{"allow":["GET"]}}],"collection":[{"href":"https:\/\/elmetidosv.com\/index.php?rest_route=\/wp\/v2\/posts"}],"about":[{"href":"https:\/\/elmetidosv.com\/index.php?rest_route=\/wp\/v2\/types\/post"}],"author":[{"embeddable":true,"href":"https:\/\/elmetidosv.com\/index.php?rest_route=\/wp\/v2\/users\/2"}],"replies":[{"embeddable":true,"href":"https:\/\/elmetidosv.com\/index.php?rest_route=%2Fwp%2Fv2%2Fcomments&post=11607"}],"version-history":[{"count":1,"href":"https:\/\/elmetidosv.com\/index.php?rest_route=\/wp\/v2\/posts\/11607\/revisions"}],"predecessor-version":[{"id":11610,"href":"https:\/\/elmetidosv.com\/index.php?rest_route=\/wp\/v2\/posts\/11607\/revisions\/11610"}],"wp:featuredmedia":[{"embeddable":true,"href":"https:\/\/elmetidosv.com\/index.php?rest_route=\/wp\/v2\/media\/11608"}],"wp:attachment":[{"href":"https:\/\/elmetidosv.com\/index.php?rest_route=%2Fwp%2Fv2%2Fmedia&parent=11607"}],"wp:term":[{"taxonomy":"category","embeddable":true,"href":"https:\/\/elmetidosv.com\/index.php?rest_route=%2Fwp%2Fv2%2Fcategories&post=11607"},{"taxonomy":"post_tag","embeddable":true,"href":"https:\/\/elmetidosv.com\/index.php?rest_route=%2Fwp%2Fv2%2Ftags&post=11607"}],"curies":[{"name":"wp","href":"https:\/\/api.w.org\/{rel}","templated":true}]}}