{"id":11561,"date":"2020-12-15T16:19:24","date_gmt":"2020-12-15T22:19:24","guid":{"rendered":"http:\/\/elmetidosve.com\/?p=11561"},"modified":"2020-12-15T16:19:33","modified_gmt":"2020-12-15T22:19:33","slug":"20-salvadorenos-vencen-al-covid-19-en-el-hospital-el-salvador-este-dia","status":"publish","type":"post","link":"https:\/\/elmetidosv.com\/?p=11561","title":{"rendered":"20 salvadore\u00f1os vencen al COVID-19 en el Hospital El Salvador este dia"},"content":{"rendered":"\n<figure class=\"wp-block-image\"><img decoding=\"async\" src=\"https:\/\/pbs.twimg.com\/media\/EpTCAxuXIAIMS1v?format=jpg&amp;name=small\" alt=\"Imagen\"\/><\/figure>\n\n\n\n<p>20 salvadore\u00f1os se unieron, este martes, a los 38,260 m\u00e1s que lograron ganarle la batalla al COVID-19 y volvieron a su casa con sus seres queridos.<\/p>\n\n\n\n<p>El Ministerio de Salud detall\u00f3 que los recuperados son del Hospital El Salvador, este d\u00eda reporta m\u00e1s de 2,000 altas medicas desde que se inaugur\u00f3 este nosocomio en junio pasado por el Presidente de la Rep\u00fablica, Nayib Bukele.<\/p>\n\n\n\n<p>\u201c7 hombres y 18 mujeres, que estuvieron ingresados por un promedio de 15 d\u00edas en dicho centro de salud\u201d, asegur\u00f3 la Secretar\u00eda de Prensa de la Presidencia en su cuenta de Twitter.<\/p>\n\n\n\n<p>Las personas recibieron kit m\u00e9dicos y cumplir\u00e1n con una cuarentena estricta de 15 d\u00edas para terminar de recuperarse en sus hogares.<\/p>\n","protected":false},"excerpt":{"rendered":"<p>20 salvadore\u00f1os se unieron, este martes, a los 38,260 m\u00e1s que lograron ganarle la batalla al COVID-19 y volvieron a<\/p>\n","protected":false},"author":2,"featured_media":11562,"comment_status":"open","ping_status":"open","sticky":false,"template":"","format":"standard","meta":{"colormag_page_container_layout":"default_layout","colormag_page_sidebar_layout":"default_layout","footnotes":""},"categories":[1],"tags":[],"class_list":["post-11561","post","type-post","status-publish","format-standard","has-post-thumbnail","hentry","category-nacional"],"_links":{"self":[{"href":"https:\/\/elmetidosv.com\/index.php?rest_route=\/wp\/v2\/posts\/11561","targetHints":{"allow":["GET"]}}],"collection":[{"href":"https:\/\/elmetidosv.com\/index.php?rest_route=\/wp\/v2\/posts"}],"about":[{"href":"https:\/\/elmetidosv.com\/index.php?rest_route=\/wp\/v2\/types\/post"}],"author":[{"embeddable":true,"href":"https:\/\/elmetidosv.com\/index.php?rest_route=\/wp\/v2\/users\/2"}],"replies":[{"embeddable":true,"href":"https:\/\/elmetidosv.com\/index.php?rest_route=%2Fwp%2Fv2%2Fcomments&post=11561"}],"version-history":[{"count":1,"href":"https:\/\/elmetidosv.com\/index.php?rest_route=\/wp\/v2\/posts\/11561\/revisions"}],"predecessor-version":[{"id":11563,"href":"https:\/\/elmetidosv.com\/index.php?rest_route=\/wp\/v2\/posts\/11561\/revisions\/11563"}],"wp:featuredmedia":[{"embeddable":true,"href":"https:\/\/elmetidosv.com\/index.php?rest_route=\/wp\/v2\/media\/11562"}],"wp:attachment":[{"href":"https:\/\/elmetidosv.com\/index.php?rest_route=%2Fwp%2Fv2%2Fmedia&parent=11561"}],"wp:term":[{"taxonomy":"category","embeddable":true,"href":"https:\/\/elmetidosv.com\/index.php?rest_route=%2Fwp%2Fv2%2Fcategories&post=11561"},{"taxonomy":"post_tag","embeddable":true,"href":"https:\/\/elmetidosv.com\/index.php?rest_route=%2Fwp%2Fv2%2Ftags&post=11561"}],"curies":[{"name":"wp","href":"https:\/\/api.w.org\/{rel}","templated":true}]}}