{"id":11540,"date":"2020-12-15T15:43:15","date_gmt":"2020-12-15T21:43:15","guid":{"rendered":"http:\/\/elmetidosve.com\/?p=11540"},"modified":"2020-12-15T15:43:24","modified_gmt":"2020-12-15T21:43:24","slug":"salud-realiza-pruebas-de-covid-19-en-cabinas-instaladas-en-tejutepeque-cabanas","status":"publish","type":"post","link":"https:\/\/elmetidosv.com\/?p=11540","title":{"rendered":"Salud realiza pruebas de COVID-19 en cabinas instaladas en Tejutepeque, Caba\u00f1as"},"content":{"rendered":"\n<p>Personal del Ministerio de Salud junto al Equipo Interdisciplinario de Contenci\u00f3n Epidemiol\u00f3gica (EICEES) instal\u00f3, este martes, cabinas de diagn\u00f3stico de COVID-19 para realizar pruebas a la poblaci\u00f3n de manera gratuita en el municipio de Tejutepeque, Caba\u00f1as.<\/p>\n\n\n\n<p>De acuerdo al reporte, ser\u00e1n un total de 300 pruebas las que se estar\u00e1n realizando en ese municipio, para lo que ha sido necesario movilizar un total de cuatro cabinas para poder atender a las personas que decidan acercarse para dicha prueba.<\/p>\n\n\n\n<p>Las autoridades detallaron que el tipo de prueba que se hace es la de Polimerasa Reactiva en Cadena (PCR, por sus siglas en ingl\u00e9s) que tiene un 99.99% de confiabilidad.<\/p>\n\n\n\n<p>La toma de la muestra se hace a trav\u00e9s de un hisopado nasal y garganta, posteriormente se toman los datos personales, para contactar por medio de llamada telef\u00f3nica o correo electr\u00f3nico en caso de dar positivo a COVID-19.<\/p>\n\n\n\n<p>La jornada se est\u00e1 llevando a cabo frente al parque central del municipio y en la cancha de b\u00e1squetbol del cant\u00f3n San Francisco Echeverr\u00eda.<\/p>\n","protected":false},"excerpt":{"rendered":"<p>Personal del Ministerio de Salud junto al Equipo Interdisciplinario de Contenci\u00f3n Epidemiol\u00f3gica (EICEES) instal\u00f3, este martes, cabinas de diagn\u00f3stico de<\/p>\n","protected":false},"author":2,"featured_media":11541,"comment_status":"open","ping_status":"open","sticky":false,"template":"","format":"standard","meta":{"colormag_page_container_layout":"default_layout","colormag_page_sidebar_layout":"default_layout","footnotes":""},"categories":[1],"tags":[],"class_list":["post-11540","post","type-post","status-publish","format-standard","has-post-thumbnail","hentry","category-nacional"],"_links":{"self":[{"href":"https:\/\/elmetidosv.com\/index.php?rest_route=\/wp\/v2\/posts\/11540","targetHints":{"allow":["GET"]}}],"collection":[{"href":"https:\/\/elmetidosv.com\/index.php?rest_route=\/wp\/v2\/posts"}],"about":[{"href":"https:\/\/elmetidosv.com\/index.php?rest_route=\/wp\/v2\/types\/post"}],"author":[{"embeddable":true,"href":"https:\/\/elmetidosv.com\/index.php?rest_route=\/wp\/v2\/users\/2"}],"replies":[{"embeddable":true,"href":"https:\/\/elmetidosv.com\/index.php?rest_route=%2Fwp%2Fv2%2Fcomments&post=11540"}],"version-history":[{"count":1,"href":"https:\/\/elmetidosv.com\/index.php?rest_route=\/wp\/v2\/posts\/11540\/revisions"}],"predecessor-version":[{"id":11542,"href":"https:\/\/elmetidosv.com\/index.php?rest_route=\/wp\/v2\/posts\/11540\/revisions\/11542"}],"wp:featuredmedia":[{"embeddable":true,"href":"https:\/\/elmetidosv.com\/index.php?rest_route=\/wp\/v2\/media\/11541"}],"wp:attachment":[{"href":"https:\/\/elmetidosv.com\/index.php?rest_route=%2Fwp%2Fv2%2Fmedia&parent=11540"}],"wp:term":[{"taxonomy":"category","embeddable":true,"href":"https:\/\/elmetidosv.com\/index.php?rest_route=%2Fwp%2Fv2%2Fcategories&post=11540"},{"taxonomy":"post_tag","embeddable":true,"href":"https:\/\/elmetidosv.com\/index.php?rest_route=%2Fwp%2Fv2%2Ftags&post=11540"}],"curies":[{"name":"wp","href":"https:\/\/api.w.org\/{rel}","templated":true}]}}