{"id":11530,"date":"2020-12-14T16:38:11","date_gmt":"2020-12-14T22:38:11","guid":{"rendered":"http:\/\/elmetidosve.com\/?p=11530"},"modified":"2020-12-14T16:38:26","modified_gmt":"2020-12-14T22:38:26","slug":"conductor-colisiona-contra-un-poste-del-tendido-electrico","status":"publish","type":"post","link":"https:\/\/elmetidosv.com\/?p=11530","title":{"rendered":"Conductor colisiona contra un poste del tendido el\u00e9ctrico"},"content":{"rendered":"\n<p>Un grave accidente de tr\u00e1nsito se registra el mediod\u00eda de este lunes luego que un conductor perdiera el control de su veh\u00edculo en la carretera hacia a Los Planes de Renderos de San Salvador.<\/p>\n\n\n\n<p>De acuerdo al reporte de preliminar el veh\u00edculo tipo pick up &nbsp;colision\u00f3 contra un poste del tendido el\u00e9ctrico en las cercan\u00edas del sector conocido como el tri\u00e1ngulo.<\/p>\n\n\n\n<p>Debido al fuerte impacto el cableado el\u00e9ctrico obstaculiza el paso vehicular en la zona, por lo que se recomienda mantener las precauciones pertinentes y evitar otros incidentes.<\/p>\n\n\n\n<p>De momento se desconoce si por este hecho se reportan personas lesionadas, as\u00ed como las causas principales que originaron el percance vial.<br><\/p>\n","protected":false},"excerpt":{"rendered":"<p>Un grave accidente de tr\u00e1nsito se registra el mediod\u00eda de este lunes luego que un conductor perdiera el control de<\/p>\n","protected":false},"author":2,"featured_media":11531,"comment_status":"open","ping_status":"open","sticky":false,"template":"","format":"standard","meta":{"colormag_page_container_layout":"default_layout","colormag_page_sidebar_layout":"default_layout","footnotes":""},"categories":[1],"tags":[],"class_list":["post-11530","post","type-post","status-publish","format-standard","has-post-thumbnail","hentry","category-nacional"],"_links":{"self":[{"href":"https:\/\/elmetidosv.com\/index.php?rest_route=\/wp\/v2\/posts\/11530","targetHints":{"allow":["GET"]}}],"collection":[{"href":"https:\/\/elmetidosv.com\/index.php?rest_route=\/wp\/v2\/posts"}],"about":[{"href":"https:\/\/elmetidosv.com\/index.php?rest_route=\/wp\/v2\/types\/post"}],"author":[{"embeddable":true,"href":"https:\/\/elmetidosv.com\/index.php?rest_route=\/wp\/v2\/users\/2"}],"replies":[{"embeddable":true,"href":"https:\/\/elmetidosv.com\/index.php?rest_route=%2Fwp%2Fv2%2Fcomments&post=11530"}],"version-history":[{"count":1,"href":"https:\/\/elmetidosv.com\/index.php?rest_route=\/wp\/v2\/posts\/11530\/revisions"}],"predecessor-version":[{"id":11532,"href":"https:\/\/elmetidosv.com\/index.php?rest_route=\/wp\/v2\/posts\/11530\/revisions\/11532"}],"wp:featuredmedia":[{"embeddable":true,"href":"https:\/\/elmetidosv.com\/index.php?rest_route=\/wp\/v2\/media\/11531"}],"wp:attachment":[{"href":"https:\/\/elmetidosv.com\/index.php?rest_route=%2Fwp%2Fv2%2Fmedia&parent=11530"}],"wp:term":[{"taxonomy":"category","embeddable":true,"href":"https:\/\/elmetidosv.com\/index.php?rest_route=%2Fwp%2Fv2%2Fcategories&post=11530"},{"taxonomy":"post_tag","embeddable":true,"href":"https:\/\/elmetidosv.com\/index.php?rest_route=%2Fwp%2Fv2%2Ftags&post=11530"}],"curies":[{"name":"wp","href":"https:\/\/api.w.org\/{rel}","templated":true}]}}