{"id":1148,"date":"2020-03-30T18:04:20","date_gmt":"2020-03-31T00:04:20","guid":{"rendered":"http:\/\/elmetidosve.com\/?p=1148"},"modified":"2020-03-30T18:04:27","modified_gmt":"2020-03-31T00:04:27","slug":"el-pentagono-confirma-la-primera-muerte-de-un-militar-en-ee-uu-por-coronavirus","status":"publish","type":"post","link":"https:\/\/elmetidosv.com\/?p=1148","title":{"rendered":"El Pent\u00e1gono confirma la primera muerte de un militar en EE.UU. por coronavirus"},"content":{"rendered":"\n<p>Un guardia nacional del Ej\u00e9rcito de EE.UU. en Nueva Jersey falleci\u00f3 el s\u00e1bado 28 de marzo a causa de la covid-19, ha confirmado este lunes el secretario de Defensa del pa\u00eds norteamericano, Mark Esper.<\/p>\n\n\n\n<p>El militar permanec\u00eda hospitalizado desde el 21 de marzo tras dar positivo por el nuevo coronavirus.<\/p>\n\n\n\n<p>Este lunes, el Pent\u00e1gono report\u00f3 633 casos de contagio de SARS-CoV-2 entre militares en servicio del total de 1.087 infectados vinculados con el Departamento de Defensa. Entre las tropas, 64 contagiados se recuperaron, mientras que otros 26 militares tuvieron que ser hospitalizados.<\/p>\n\n\n\n<p>Los nuevos datos muestran un aumento dr\u00e1stico de los positivos por el nuevo coronavirus desde el pasado viernes, cuando el Departamento de Defensa report\u00f3 343 casos entre miembros en servicio.<\/p>\n\n\n\n<p><\/p>\n","protected":false},"excerpt":{"rendered":"<p>Un guardia nacional del Ej\u00e9rcito de EE.UU. en Nueva Jersey falleci\u00f3 el s\u00e1bado 28 de marzo a causa de la<\/p>\n","protected":false},"author":1,"featured_media":1149,"comment_status":"open","ping_status":"open","sticky":false,"template":"","format":"standard","meta":{"colormag_page_container_layout":"default_layout","colormag_page_sidebar_layout":"default_layout","footnotes":""},"categories":[3],"tags":[],"class_list":["post-1148","post","type-post","status-publish","format-standard","has-post-thumbnail","hentry","category-internacional"],"_links":{"self":[{"href":"https:\/\/elmetidosv.com\/index.php?rest_route=\/wp\/v2\/posts\/1148","targetHints":{"allow":["GET"]}}],"collection":[{"href":"https:\/\/elmetidosv.com\/index.php?rest_route=\/wp\/v2\/posts"}],"about":[{"href":"https:\/\/elmetidosv.com\/index.php?rest_route=\/wp\/v2\/types\/post"}],"author":[{"embeddable":true,"href":"https:\/\/elmetidosv.com\/index.php?rest_route=\/wp\/v2\/users\/1"}],"replies":[{"embeddable":true,"href":"https:\/\/elmetidosv.com\/index.php?rest_route=%2Fwp%2Fv2%2Fcomments&post=1148"}],"version-history":[{"count":1,"href":"https:\/\/elmetidosv.com\/index.php?rest_route=\/wp\/v2\/posts\/1148\/revisions"}],"predecessor-version":[{"id":1150,"href":"https:\/\/elmetidosv.com\/index.php?rest_route=\/wp\/v2\/posts\/1148\/revisions\/1150"}],"wp:featuredmedia":[{"embeddable":true,"href":"https:\/\/elmetidosv.com\/index.php?rest_route=\/wp\/v2\/media\/1149"}],"wp:attachment":[{"href":"https:\/\/elmetidosv.com\/index.php?rest_route=%2Fwp%2Fv2%2Fmedia&parent=1148"}],"wp:term":[{"taxonomy":"category","embeddable":true,"href":"https:\/\/elmetidosv.com\/index.php?rest_route=%2Fwp%2Fv2%2Fcategories&post=1148"},{"taxonomy":"post_tag","embeddable":true,"href":"https:\/\/elmetidosv.com\/index.php?rest_route=%2Fwp%2Fv2%2Ftags&post=1148"}],"curies":[{"name":"wp","href":"https:\/\/api.w.org\/{rel}","templated":true}]}}