{"id":11475,"date":"2020-12-10T17:00:14","date_gmt":"2020-12-10T23:00:14","guid":{"rendered":"http:\/\/elmetidosve.com\/?p=11475"},"modified":"2020-12-10T17:00:23","modified_gmt":"2020-12-10T23:00:23","slug":"26-miembros-de-la-pnc-se-graduan-del-curso-de-secciones-tacticas-operativas-de-reaccion-maritima","status":"publish","type":"post","link":"https:\/\/elmetidosv.com\/?p=11475","title":{"rendered":"26 miembros de la PNC se grad\u00faan del curso de Secciones T\u00e1cticas Operativas de Reacci\u00f3n Mar\u00edtima"},"content":{"rendered":"\n<figure class=\"wp-block-gallery columns-2 is-cropped wp-block-gallery-1 is-layout-flex wp-block-gallery-is-layout-flex\"><ul class=\"blocks-gallery-grid\"><li class=\"blocks-gallery-item\"><figure><img loading=\"lazy\" decoding=\"async\" width=\"680\" height=\"454\" src=\"http:\/\/elmetidosve.com\/wp-content\/uploads\/2020\/12\/0000-58.jpg\" alt=\"\" data-id=\"11476\" data-full-url=\"http:\/\/elmetidosve.com\/wp-content\/uploads\/2020\/12\/0000-58.jpg\" data-link=\"http:\/\/elmetidosve.com\/?attachment_id=11476\" class=\"wp-image-11476\" srcset=\"https:\/\/elmetidosv.com\/wp-content\/uploads\/2020\/12\/0000-58.jpg 680w, https:\/\/elmetidosv.com\/wp-content\/uploads\/2020\/12\/0000-58-300x200.jpg 300w\" sizes=\"auto, (max-width: 680px) 100vw, 680px\" \/><\/figure><\/li><li class=\"blocks-gallery-item\"><figure><img loading=\"lazy\" decoding=\"async\" width=\"680\" height=\"461\" src=\"http:\/\/elmetidosve.com\/wp-content\/uploads\/2020\/12\/000-39.jpg\" alt=\"\" data-id=\"11477\" data-full-url=\"http:\/\/elmetidosve.com\/wp-content\/uploads\/2020\/12\/000-39.jpg\" data-link=\"http:\/\/elmetidosve.com\/?attachment_id=11477\" class=\"wp-image-11477\" srcset=\"https:\/\/elmetidosv.com\/wp-content\/uploads\/2020\/12\/000-39.jpg 680w, https:\/\/elmetidosv.com\/wp-content\/uploads\/2020\/12\/000-39-300x203.jpg 300w\" sizes=\"auto, (max-width: 680px) 100vw, 680px\" \/><\/figure><\/li><\/ul><\/figure>\n\n\n\n<p>Este jueves, 26 miembros de la Polic\u00eda Nacional Civil (PNC) se graduaron del curso de Secci\u00f3n T\u00e1ctica Operativa de Reacci\u00f3n Mar\u00edtima (STORM), el cual fue impartido con el apoyo del gobierno de los Estados Unidos.<\/p>\n\n\n\n<p>Al acto de graduaci\u00f3n asistieron los directores de la Polic\u00eda Nacional Civil (PNC), Mauricio Arriaza y de la Academia Nacional de Seguridad P\u00fablica (ANSP), Pablo de Jes\u00fas Escobar, quienes se mostraron satisfechos con la formaci\u00f3n recibida por los oficiales.<\/p>\n\n\n\n<p>La capacitaci\u00f3n consisti\u00f3 en la preparaci\u00f3n t\u00e9cnica en derechos humanos, fundamentaci\u00f3n del debido proceso y leyes especiales, nataci\u00f3n, acondicionamiento f\u00edsico, primeros auxilios, armas, combate cercano y urbano, planeaci\u00f3n de orden de operaciones, navegaci\u00f3n terrestre y en ambiente acu\u00e1tico, operaciones mar\u00edtimas y movimiento t\u00e1cticos.<\/p>\n\n\n\n<p>Esta capacitaci\u00f3n fue impartida con el apoyo de Estados Unidos a trav\u00e9s de su Oficina de Antinarc\u00f3ticos y Aplicaci\u00f3n de la Ley, INL; los tenientes de la Polic\u00eda Nacional de Colombia Herman Fonseca y Mayker Piracoa, adem\u00e1s, de instructores de la PNC, quienes apoyaron la log\u00edstica y asesor\u00eda operativa.<\/p>\n\n\n\n<p>Los polic\u00edas del grupo STORM ejecutan patrullajes a lo largo de las costas de El Salvador para evitar hechos criminales. Adem\u00e1s, refuerza las tareas que lleva a cabo la Polic\u00eda contra el narcotr\u00e1fico, trata de personas, el tr\u00e1fico il\u00edcito de armas de fuego.<\/p>\n","protected":false},"excerpt":{"rendered":"<p>Este jueves, 26 miembros de la Polic\u00eda Nacional Civil (PNC) se graduaron del curso de Secci\u00f3n T\u00e1ctica Operativa de Reacci\u00f3n<\/p>\n","protected":false},"author":2,"featured_media":11477,"comment_status":"open","ping_status":"open","sticky":false,"template":"","format":"standard","meta":{"colormag_page_container_layout":"default_layout","colormag_page_sidebar_layout":"default_layout","footnotes":""},"categories":[1],"tags":[],"class_list":["post-11475","post","type-post","status-publish","format-standard","has-post-thumbnail","hentry","category-nacional"],"_links":{"self":[{"href":"https:\/\/elmetidosv.com\/index.php?rest_route=\/wp\/v2\/posts\/11475","targetHints":{"allow":["GET"]}}],"collection":[{"href":"https:\/\/elmetidosv.com\/index.php?rest_route=\/wp\/v2\/posts"}],"about":[{"href":"https:\/\/elmetidosv.com\/index.php?rest_route=\/wp\/v2\/types\/post"}],"author":[{"embeddable":true,"href":"https:\/\/elmetidosv.com\/index.php?rest_route=\/wp\/v2\/users\/2"}],"replies":[{"embeddable":true,"href":"https:\/\/elmetidosv.com\/index.php?rest_route=%2Fwp%2Fv2%2Fcomments&post=11475"}],"version-history":[{"count":1,"href":"https:\/\/elmetidosv.com\/index.php?rest_route=\/wp\/v2\/posts\/11475\/revisions"}],"predecessor-version":[{"id":11478,"href":"https:\/\/elmetidosv.com\/index.php?rest_route=\/wp\/v2\/posts\/11475\/revisions\/11478"}],"wp:featuredmedia":[{"embeddable":true,"href":"https:\/\/elmetidosv.com\/index.php?rest_route=\/wp\/v2\/media\/11477"}],"wp:attachment":[{"href":"https:\/\/elmetidosv.com\/index.php?rest_route=%2Fwp%2Fv2%2Fmedia&parent=11475"}],"wp:term":[{"taxonomy":"category","embeddable":true,"href":"https:\/\/elmetidosv.com\/index.php?rest_route=%2Fwp%2Fv2%2Fcategories&post=11475"},{"taxonomy":"post_tag","embeddable":true,"href":"https:\/\/elmetidosv.com\/index.php?rest_route=%2Fwp%2Fv2%2Ftags&post=11475"}],"curies":[{"name":"wp","href":"https:\/\/api.w.org\/{rel}","templated":true}]}}