{"id":11472,"date":"2020-12-10T16:51:43","date_gmt":"2020-12-10T22:51:43","guid":{"rendered":"http:\/\/elmetidosve.com\/?p=11472"},"modified":"2020-12-10T16:51:58","modified_gmt":"2020-12-10T22:51:58","slug":"un-accidente-de-transito-se-registro-esta-tarde","status":"publish","type":"post","link":"https:\/\/elmetidosv.com\/?p=11472","title":{"rendered":"Un accidente de tr\u00e1nsito se registr\u00f3 esta tarde"},"content":{"rendered":"\n<p>Un accidente de tr\u00e1nsito se registr\u00f3 esta tarde de jueves entre la 79a. Avenida Norte y 3a. Calle Poniente de San Salvador, donde se registran varias personas lesionadas.<\/p>\n\n\n\n<p>Los reportes preliminares indican que el conductor de un microb\u00fas de la ruta 16 perdi\u00f3 el control de la unidad y se accident\u00f3 contra el port\u00f3n de un establecimiento.<\/p>\n\n\n\n<p>Elementos policiales se han hecho presentes al lugar donde se reportan, al menos siete personas lesionadas, quienes han sido evaluadas y trasladadas a centros m\u00e9dicos.<\/p>\n\n\n\n<p>De momento no se ha establecido qu\u00e9 caus\u00f3 que el motorista perdiera el control del microb\u00fas placas MB 1-299.<\/p>\n","protected":false},"excerpt":{"rendered":"<p>Un accidente de tr\u00e1nsito se registr\u00f3 esta tarde de jueves entre la 79a. Avenida Norte y 3a. Calle Poniente de<\/p>\n","protected":false},"author":2,"featured_media":11473,"comment_status":"open","ping_status":"open","sticky":false,"template":"","format":"standard","meta":{"colormag_page_container_layout":"default_layout","colormag_page_sidebar_layout":"default_layout","footnotes":""},"categories":[1],"tags":[],"class_list":["post-11472","post","type-post","status-publish","format-standard","has-post-thumbnail","hentry","category-nacional"],"_links":{"self":[{"href":"https:\/\/elmetidosv.com\/index.php?rest_route=\/wp\/v2\/posts\/11472","targetHints":{"allow":["GET"]}}],"collection":[{"href":"https:\/\/elmetidosv.com\/index.php?rest_route=\/wp\/v2\/posts"}],"about":[{"href":"https:\/\/elmetidosv.com\/index.php?rest_route=\/wp\/v2\/types\/post"}],"author":[{"embeddable":true,"href":"https:\/\/elmetidosv.com\/index.php?rest_route=\/wp\/v2\/users\/2"}],"replies":[{"embeddable":true,"href":"https:\/\/elmetidosv.com\/index.php?rest_route=%2Fwp%2Fv2%2Fcomments&post=11472"}],"version-history":[{"count":1,"href":"https:\/\/elmetidosv.com\/index.php?rest_route=\/wp\/v2\/posts\/11472\/revisions"}],"predecessor-version":[{"id":11474,"href":"https:\/\/elmetidosv.com\/index.php?rest_route=\/wp\/v2\/posts\/11472\/revisions\/11474"}],"wp:featuredmedia":[{"embeddable":true,"href":"https:\/\/elmetidosv.com\/index.php?rest_route=\/wp\/v2\/media\/11473"}],"wp:attachment":[{"href":"https:\/\/elmetidosv.com\/index.php?rest_route=%2Fwp%2Fv2%2Fmedia&parent=11472"}],"wp:term":[{"taxonomy":"category","embeddable":true,"href":"https:\/\/elmetidosv.com\/index.php?rest_route=%2Fwp%2Fv2%2Fcategories&post=11472"},{"taxonomy":"post_tag","embeddable":true,"href":"https:\/\/elmetidosv.com\/index.php?rest_route=%2Fwp%2Fv2%2Ftags&post=11472"}],"curies":[{"name":"wp","href":"https:\/\/api.w.org\/{rel}","templated":true}]}}