{"id":1144,"date":"2020-03-30T18:01:30","date_gmt":"2020-03-31T00:01:30","guid":{"rendered":"http:\/\/elmetidosve.com\/?p=1144"},"modified":"2020-03-30T18:01:37","modified_gmt":"2020-03-31T00:01:37","slug":"francia-reporta-418-fallecidos-por-el-coronavirus-en-menos-de-24-horas-y-la-cifra-de-contagiados-asciende","status":"publish","type":"post","link":"https:\/\/elmetidosv.com\/?p=1144","title":{"rendered":"Francia reporta 418 fallecidos por el coronavirus en menos de 24 horas y la cifra de contagiados asciende"},"content":{"rendered":"\n<p>Las autoridades de Francia anunciaros este lunes los sobre 3 mil personas fallecidas en hospitales debido al coronavirus y contabiliz\u00f3 418 muertes en tan solo un d\u00eda, una cifra sin precedente desde el inicio de la pandemia, de acuerdo a datos oficiales.<\/p>\n\n\n\n<p>De acuerdo al registro de ese pa\u00eds, hay casi 21.000 personas hospitalizadas en Francia por coronavirus y en las \u00faltimas horas se ha registrado un aumento de los casos que necesitan asistencia respiratoria.<\/p>\n\n\n\n<p>El director general de Salud, Jerome Salomon, dijo que \u201ces una \u201cepidemia in\u00e9dita, severa, mortal. Un virus muy contagioso con una transmisi\u00f3n r\u00e1pida\u201d.<\/p>\n\n\n\n<p>La regi\u00f3n m\u00e1s castigada actualmente es la de Par\u00eds, donde se espera un aumento de los casos esta semana, seg\u00fan las autoridades. En total, hay m\u00e1s de 7.600 pacientes internados en hospitales de la capital y sus alrededores.<\/p>\n\n\n\n<p>La regi\u00f3n del este, la primera de Francia que tuvo un brote importante de casos de coronavirus, ten\u00eda el lunes casi 4.000 pacientes ingresados en hospitales de la zona.<\/p>\n\n\n\n<p><\/p>\n","protected":false},"excerpt":{"rendered":"<p>Las autoridades de Francia anunciaros este lunes los sobre 3 mil personas fallecidas en hospitales debido al coronavirus y contabiliz\u00f3<\/p>\n","protected":false},"author":1,"featured_media":1146,"comment_status":"open","ping_status":"open","sticky":false,"template":"","format":"standard","meta":{"colormag_page_container_layout":"default_layout","colormag_page_sidebar_layout":"default_layout","footnotes":""},"categories":[3],"tags":[],"class_list":["post-1144","post","type-post","status-publish","format-standard","has-post-thumbnail","hentry","category-internacional"],"_links":{"self":[{"href":"https:\/\/elmetidosv.com\/index.php?rest_route=\/wp\/v2\/posts\/1144","targetHints":{"allow":["GET"]}}],"collection":[{"href":"https:\/\/elmetidosv.com\/index.php?rest_route=\/wp\/v2\/posts"}],"about":[{"href":"https:\/\/elmetidosv.com\/index.php?rest_route=\/wp\/v2\/types\/post"}],"author":[{"embeddable":true,"href":"https:\/\/elmetidosv.com\/index.php?rest_route=\/wp\/v2\/users\/1"}],"replies":[{"embeddable":true,"href":"https:\/\/elmetidosv.com\/index.php?rest_route=%2Fwp%2Fv2%2Fcomments&post=1144"}],"version-history":[{"count":1,"href":"https:\/\/elmetidosv.com\/index.php?rest_route=\/wp\/v2\/posts\/1144\/revisions"}],"predecessor-version":[{"id":1147,"href":"https:\/\/elmetidosv.com\/index.php?rest_route=\/wp\/v2\/posts\/1144\/revisions\/1147"}],"wp:featuredmedia":[{"embeddable":true,"href":"https:\/\/elmetidosv.com\/index.php?rest_route=\/wp\/v2\/media\/1146"}],"wp:attachment":[{"href":"https:\/\/elmetidosv.com\/index.php?rest_route=%2Fwp%2Fv2%2Fmedia&parent=1144"}],"wp:term":[{"taxonomy":"category","embeddable":true,"href":"https:\/\/elmetidosv.com\/index.php?rest_route=%2Fwp%2Fv2%2Fcategories&post=1144"},{"taxonomy":"post_tag","embeddable":true,"href":"https:\/\/elmetidosv.com\/index.php?rest_route=%2Fwp%2Fv2%2Ftags&post=1144"}],"curies":[{"name":"wp","href":"https:\/\/api.w.org\/{rel}","templated":true}]}}