{"id":11423,"date":"2020-12-09T16:40:29","date_gmt":"2020-12-09T22:40:29","guid":{"rendered":"http:\/\/elmetidosve.com\/?p=11423"},"modified":"2020-12-09T16:40:38","modified_gmt":"2020-12-09T22:40:38","slug":"parten-a-estados-unidos-el-segundo-contingente-de-salvadorenos-beneficiados-con-el-programa-de-migracion-laboral","status":"publish","type":"post","link":"https:\/\/elmetidosv.com\/?p=11423","title":{"rendered":"Parten a Estados Unidos el segundo contingente de salvadore\u00f1os beneficiados con el Programa de Migraci\u00f3n Laboral"},"content":{"rendered":"\n<figure class=\"wp-block-gallery columns-2 is-cropped wp-block-gallery-1 is-layout-flex wp-block-gallery-is-layout-flex\"><ul class=\"blocks-gallery-grid\"><li class=\"blocks-gallery-item\"><figure><img loading=\"lazy\" decoding=\"async\" width=\"240\" height=\"160\" src=\"http:\/\/elmetidosve.com\/wp-content\/uploads\/2020\/12\/0000-45.jpg\" alt=\"\" data-id=\"11424\" data-link=\"http:\/\/elmetidosve.com\/?attachment_id=11424\" class=\"wp-image-11424\"\/><\/figure><\/li><li class=\"blocks-gallery-item\"><figure><img loading=\"lazy\" decoding=\"async\" width=\"239\" height=\"240\" src=\"http:\/\/elmetidosve.com\/wp-content\/uploads\/2020\/12\/000-32.jpg\" alt=\"\" data-id=\"11425\" data-link=\"http:\/\/elmetidosve.com\/?attachment_id=11425\" class=\"wp-image-11425\" srcset=\"https:\/\/elmetidosv.com\/wp-content\/uploads\/2020\/12\/000-32.jpg 239w, https:\/\/elmetidosv.com\/wp-content\/uploads\/2020\/12\/000-32-150x150.jpg 150w\" sizes=\"auto, (max-width: 239px) 100vw, 239px\" \/><\/figure><\/li><li class=\"blocks-gallery-item\"><figure><img loading=\"lazy\" decoding=\"async\" width=\"360\" height=\"240\" src=\"http:\/\/elmetidosve.com\/wp-content\/uploads\/2020\/12\/0000-46.jpg\" alt=\"\" data-id=\"11426\" data-full-url=\"http:\/\/elmetidosve.com\/wp-content\/uploads\/2020\/12\/0000-46.jpg\" data-link=\"http:\/\/elmetidosve.com\/?attachment_id=11426\" class=\"wp-image-11426\" srcset=\"https:\/\/elmetidosv.com\/wp-content\/uploads\/2020\/12\/0000-46.jpg 360w, https:\/\/elmetidosv.com\/wp-content\/uploads\/2020\/12\/0000-46-300x200.jpg 300w\" sizes=\"auto, (max-width: 360px) 100vw, 360px\" \/><\/figure><\/li><\/ul><\/figure>\n\n\n\n<p>La ma\u00f1ana de este mi\u00e9rcoles, parti\u00f3 hacia Estados Unidos el segundos contingente de salvadore\u00f1os beneficiados con el Programa de Migraci\u00f3n Laboral ejecutado por el Ministerio de Trabajo.<\/p>\n\n\n\n<p>De acuerdo con las autoridades, dicho programa es el resultado de las buenas relaciones diplom\u00e1ticas que el Gobierno del Presidente, Nayib Bukele, mantiene con los Estados Unidos.<\/p>\n\n\n\n<p>Son cerca de 80 los salvadore\u00f1os beneficiados con las visas temporales de trabajo, los cuales trabajar\u00e1n por 6 meses en agricultura y construcci\u00f3n en el estado de Mississippi.<\/p>\n\n\n\n<p>\u201cCada vez que vemos que van en el avi\u00f3n para trabajar en Estados Unidos, nos sentimos contentos. Deben apoyarse unos con otros como una sola familia para poner en alto el nombre de El Salvador. Uno de los proyectos emblem\u00e1ticos del Ministerio de Trabajo en este nuevo Gobierno\u201d est\u00e1 dando frutos, dijo el ministro Rolando Castro.<\/p>\n\n\n\n<p>Antes de viajar a los Estados Unidos, a todos los trabajadores se les realiz\u00f3 pruebas de COVID-19 y se les capacit\u00f3 para cumplir con las medidas de bioseguridad cuando ya se encuentren realizando sus labores.<br><\/p>\n","protected":false},"excerpt":{"rendered":"<p>La ma\u00f1ana de este mi\u00e9rcoles, parti\u00f3 hacia Estados Unidos el segundos contingente de salvadore\u00f1os beneficiados con el Programa de Migraci\u00f3n<\/p>\n","protected":false},"author":2,"featured_media":11424,"comment_status":"open","ping_status":"open","sticky":false,"template":"","format":"standard","meta":{"colormag_page_container_layout":"default_layout","colormag_page_sidebar_layout":"default_layout","footnotes":""},"categories":[1],"tags":[],"class_list":["post-11423","post","type-post","status-publish","format-standard","has-post-thumbnail","hentry","category-nacional"],"_links":{"self":[{"href":"https:\/\/elmetidosv.com\/index.php?rest_route=\/wp\/v2\/posts\/11423","targetHints":{"allow":["GET"]}}],"collection":[{"href":"https:\/\/elmetidosv.com\/index.php?rest_route=\/wp\/v2\/posts"}],"about":[{"href":"https:\/\/elmetidosv.com\/index.php?rest_route=\/wp\/v2\/types\/post"}],"author":[{"embeddable":true,"href":"https:\/\/elmetidosv.com\/index.php?rest_route=\/wp\/v2\/users\/2"}],"replies":[{"embeddable":true,"href":"https:\/\/elmetidosv.com\/index.php?rest_route=%2Fwp%2Fv2%2Fcomments&post=11423"}],"version-history":[{"count":1,"href":"https:\/\/elmetidosv.com\/index.php?rest_route=\/wp\/v2\/posts\/11423\/revisions"}],"predecessor-version":[{"id":11427,"href":"https:\/\/elmetidosv.com\/index.php?rest_route=\/wp\/v2\/posts\/11423\/revisions\/11427"}],"wp:featuredmedia":[{"embeddable":true,"href":"https:\/\/elmetidosv.com\/index.php?rest_route=\/wp\/v2\/media\/11424"}],"wp:attachment":[{"href":"https:\/\/elmetidosv.com\/index.php?rest_route=%2Fwp%2Fv2%2Fmedia&parent=11423"}],"wp:term":[{"taxonomy":"category","embeddable":true,"href":"https:\/\/elmetidosv.com\/index.php?rest_route=%2Fwp%2Fv2%2Fcategories&post=11423"},{"taxonomy":"post_tag","embeddable":true,"href":"https:\/\/elmetidosv.com\/index.php?rest_route=%2Fwp%2Fv2%2Ftags&post=11423"}],"curies":[{"name":"wp","href":"https:\/\/api.w.org\/{rel}","templated":true}]}}