{"id":11389,"date":"2020-12-07T17:21:12","date_gmt":"2020-12-07T23:21:12","guid":{"rendered":"http:\/\/elmetidosve.com\/?p=11389"},"modified":"2020-12-07T17:21:21","modified_gmt":"2020-12-07T23:21:21","slug":"el-menor-de-10-anos-que-sufrio-quemaduras-en-la-explosion-de-una-coheteria-ya-se-encuentra-en-galveston-texas","status":"publish","type":"post","link":"https:\/\/elmetidosv.com\/?p=11389","title":{"rendered":"El menor de 10 a\u00f1os que sufri\u00f3 quemaduras en la explosi\u00f3n de una coheter\u00eda ya se encuentra en Galveston, Texas"},"content":{"rendered":"\n<figure class=\"wp-block-gallery columns-3 is-cropped wp-block-gallery-1 is-layout-flex wp-block-gallery-is-layout-flex\"><ul class=\"blocks-gallery-grid\"><li class=\"blocks-gallery-item\"><figure><img loading=\"lazy\" decoding=\"async\" width=\"270\" height=\"360\" src=\"http:\/\/elmetidosve.com\/wp-content\/uploads\/2020\/12\/0000-37.jpg\" alt=\"\" data-id=\"11390\" data-link=\"http:\/\/elmetidosve.com\/?attachment_id=11390\" class=\"wp-image-11390\" srcset=\"https:\/\/elmetidosv.com\/wp-content\/uploads\/2020\/12\/0000-37.jpg 270w, https:\/\/elmetidosv.com\/wp-content\/uploads\/2020\/12\/0000-37-225x300.jpg 225w\" sizes=\"auto, (max-width: 270px) 100vw, 270px\" \/><\/figure><\/li><li class=\"blocks-gallery-item\"><figure><img loading=\"lazy\" decoding=\"async\" width=\"360\" height=\"233\" src=\"http:\/\/elmetidosve.com\/wp-content\/uploads\/2020\/12\/000-28.jpg\" alt=\"\" data-id=\"11391\" data-link=\"http:\/\/elmetidosve.com\/?attachment_id=11391\" class=\"wp-image-11391\" srcset=\"https:\/\/elmetidosv.com\/wp-content\/uploads\/2020\/12\/000-28.jpg 360w, https:\/\/elmetidosv.com\/wp-content\/uploads\/2020\/12\/000-28-300x194.jpg 300w\" sizes=\"auto, (max-width: 360px) 100vw, 360px\" \/><\/figure><\/li><li class=\"blocks-gallery-item\"><figure><img loading=\"lazy\" decoding=\"async\" width=\"680\" height=\"510\" src=\"http:\/\/elmetidosve.com\/wp-content\/uploads\/2020\/12\/1-7.jpg\" alt=\"\" data-id=\"11392\" data-full-url=\"http:\/\/elmetidosve.com\/wp-content\/uploads\/2020\/12\/1-7.jpg\" data-link=\"http:\/\/elmetidosve.com\/?attachment_id=11392\" class=\"wp-image-11392\" srcset=\"https:\/\/elmetidosv.com\/wp-content\/uploads\/2020\/12\/1-7.jpg 680w, https:\/\/elmetidosv.com\/wp-content\/uploads\/2020\/12\/1-7-300x225.jpg 300w\" sizes=\"auto, (max-width: 680px) 100vw, 680px\" \/><\/figure><\/li><\/ul><\/figure>\n\n\n\n<p>El ni\u00f1o de 10 a\u00f1os que sobrevivi\u00f3 a la explosi\u00f3n de una coheter\u00eda clandestina, ubicada en Santa Ana, ya se encuentra en el  Hospital Shriners en Galveston, Texas, Estados Unidos; un centro especializado en la atenci\u00f3n de quemaduras pedi\u00e1tricas, cirug\u00eda pl\u00e1stica y reconstructiva.<\/p>\n\n\n\n<p>La movilizaci\u00f3n del menor hacia el pa\u00eds norteamericano se efectu\u00f3 a la brevedad posible, gracias a las gestiones del gobierno del Presidente de la Rep\u00fablica, Nayib Bukele, luego que anunciara que el ni\u00f1o recibir\u00eda \u201cla mejor atenci\u00f3n del mundo\u201d.<\/p>\n\n\n\n<p>El infante de 10 a\u00f1os sufri\u00f3 quemaduras de tercer grado en el 30 % de su cuerpo y permaneci\u00f3 recibiendo atenci\u00f3n en el Hospital Nacional de Ni\u00f1os Benjam\u00edn Bloom, mientras se alistaba la log\u00edstica para su viaje hacia Texas.<\/p>\n\n\n\n<p>El Gobierno, bajo la coordinaci\u00f3n del Despacho de la Primera Dama, realiz\u00f3 las gestiones correspondientes para agilizar los tr\u00e1mites migratorios que permitieron transportar v\u00eda a\u00e9rea al ni\u00f1o. Con el fin de salvaguardar su vida.<\/p>\n\n\n\n<p>La aeronave que traslad\u00f3 al menor fue contratada por el Despacho de la Primera Dama, Gabriela de Bukele, para que el ni\u00f1o llegara de manera segura.<\/p>\n","protected":false},"excerpt":{"rendered":"<p>El ni\u00f1o de 10 a\u00f1os que sobrevivi\u00f3 a la explosi\u00f3n de una coheter\u00eda clandestina, ubicada en Santa Ana, ya se<\/p>\n","protected":false},"author":2,"featured_media":11391,"comment_status":"open","ping_status":"open","sticky":false,"template":"","format":"standard","meta":{"colormag_page_container_layout":"default_layout","colormag_page_sidebar_layout":"default_layout","footnotes":""},"categories":[1],"tags":[],"class_list":["post-11389","post","type-post","status-publish","format-standard","has-post-thumbnail","hentry","category-nacional"],"_links":{"self":[{"href":"https:\/\/elmetidosv.com\/index.php?rest_route=\/wp\/v2\/posts\/11389","targetHints":{"allow":["GET"]}}],"collection":[{"href":"https:\/\/elmetidosv.com\/index.php?rest_route=\/wp\/v2\/posts"}],"about":[{"href":"https:\/\/elmetidosv.com\/index.php?rest_route=\/wp\/v2\/types\/post"}],"author":[{"embeddable":true,"href":"https:\/\/elmetidosv.com\/index.php?rest_route=\/wp\/v2\/users\/2"}],"replies":[{"embeddable":true,"href":"https:\/\/elmetidosv.com\/index.php?rest_route=%2Fwp%2Fv2%2Fcomments&post=11389"}],"version-history":[{"count":1,"href":"https:\/\/elmetidosv.com\/index.php?rest_route=\/wp\/v2\/posts\/11389\/revisions"}],"predecessor-version":[{"id":11393,"href":"https:\/\/elmetidosv.com\/index.php?rest_route=\/wp\/v2\/posts\/11389\/revisions\/11393"}],"wp:featuredmedia":[{"embeddable":true,"href":"https:\/\/elmetidosv.com\/index.php?rest_route=\/wp\/v2\/media\/11391"}],"wp:attachment":[{"href":"https:\/\/elmetidosv.com\/index.php?rest_route=%2Fwp%2Fv2%2Fmedia&parent=11389"}],"wp:term":[{"taxonomy":"category","embeddable":true,"href":"https:\/\/elmetidosv.com\/index.php?rest_route=%2Fwp%2Fv2%2Fcategories&post=11389"},{"taxonomy":"post_tag","embeddable":true,"href":"https:\/\/elmetidosv.com\/index.php?rest_route=%2Fwp%2Fv2%2Ftags&post=11389"}],"curies":[{"name":"wp","href":"https:\/\/api.w.org\/{rel}","templated":true}]}}