{"id":11304,"date":"2020-12-03T17:13:54","date_gmt":"2020-12-03T23:13:54","guid":{"rendered":"http:\/\/elmetidosve.com\/?p=11304"},"modified":"2020-12-03T17:14:02","modified_gmt":"2020-12-03T23:14:02","slug":"al-menos-27-sujetos-fueron-enviados-a-prision-acusados-de-robo-de-camiones-con-mercaderia","status":"publish","type":"post","link":"https:\/\/elmetidosv.com\/?p=11304","title":{"rendered":"Al menos 27 sujetos fueron enviados a prisi\u00f3n acusados de robo de camiones con mercader\u00eda"},"content":{"rendered":"\n<figure class=\"wp-block-gallery columns-1 is-cropped wp-block-gallery-1 is-layout-flex wp-block-gallery-is-layout-flex\"><ul class=\"blocks-gallery-grid\"><li class=\"blocks-gallery-item\"><figure><img loading=\"lazy\" decoding=\"async\" width=\"913\" height=\"543\" src=\"http:\/\/elmetidosve.com\/wp-content\/uploads\/2020\/12\/000-14.jpg\" alt=\"\" data-id=\"11305\" data-full-url=\"http:\/\/elmetidosve.com\/wp-content\/uploads\/2020\/12\/000-14.jpg\" data-link=\"http:\/\/elmetidosve.com\/?attachment_id=11305\" class=\"wp-image-11305\" srcset=\"https:\/\/elmetidosv.com\/wp-content\/uploads\/2020\/12\/000-14.jpg 913w, https:\/\/elmetidosv.com\/wp-content\/uploads\/2020\/12\/000-14-300x178.jpg 300w, https:\/\/elmetidosv.com\/wp-content\/uploads\/2020\/12\/000-14-768x457.jpg 768w\" sizes=\"auto, (max-width: 913px) 100vw, 913px\" \/><\/figure><\/li><\/ul><\/figure>\n\n\n\n<p>Al menos 27 sujetos fueron enviados a prisi\u00f3n provisional por el Juzgado Especializado de Instrucci\u00f3n B, en San Salvador, los cuales son acusados de robar camiones que transportaban mercader\u00eda, inform\u00f3 la Fiscal\u00eda General de la Rep\u00fablica (FGR).<\/p>\n\n\n\n<p>El Ministerio P\u00fablico detall\u00f3 que los delincuentes operaban en todo el pa\u00eds y robaban productos como detergentes, v\u00edveres, frutas y accesorios para veh\u00edculos automotores.<\/p>\n\n\n\n<p>Los productos eran vendidos en negocios en San Salvador, detall\u00f3 la FGR a trav\u00e9s de un comunicado.<\/p>\n\n\n\n<p>El juez al analizar las pruebas presentadas por la FGR determin\u00f3 enviar a los acusados a guardar prisi\u00f3n en un centro penitenciario y pasar el caso a a la etapa de Instrucci\u00f3n.<\/p>\n","protected":false},"excerpt":{"rendered":"<p>Al menos 27 sujetos fueron enviados a prisi\u00f3n provisional por el Juzgado Especializado de Instrucci\u00f3n B, en San Salvador, los<\/p>\n","protected":false},"author":2,"featured_media":11306,"comment_status":"open","ping_status":"open","sticky":false,"template":"","format":"standard","meta":{"colormag_page_container_layout":"default_layout","colormag_page_sidebar_layout":"default_layout","footnotes":""},"categories":[1],"tags":[],"class_list":["post-11304","post","type-post","status-publish","format-standard","has-post-thumbnail","hentry","category-nacional"],"_links":{"self":[{"href":"https:\/\/elmetidosv.com\/index.php?rest_route=\/wp\/v2\/posts\/11304","targetHints":{"allow":["GET"]}}],"collection":[{"href":"https:\/\/elmetidosv.com\/index.php?rest_route=\/wp\/v2\/posts"}],"about":[{"href":"https:\/\/elmetidosv.com\/index.php?rest_route=\/wp\/v2\/types\/post"}],"author":[{"embeddable":true,"href":"https:\/\/elmetidosv.com\/index.php?rest_route=\/wp\/v2\/users\/2"}],"replies":[{"embeddable":true,"href":"https:\/\/elmetidosv.com\/index.php?rest_route=%2Fwp%2Fv2%2Fcomments&post=11304"}],"version-history":[{"count":1,"href":"https:\/\/elmetidosv.com\/index.php?rest_route=\/wp\/v2\/posts\/11304\/revisions"}],"predecessor-version":[{"id":11307,"href":"https:\/\/elmetidosv.com\/index.php?rest_route=\/wp\/v2\/posts\/11304\/revisions\/11307"}],"wp:featuredmedia":[{"embeddable":true,"href":"https:\/\/elmetidosv.com\/index.php?rest_route=\/wp\/v2\/media\/11306"}],"wp:attachment":[{"href":"https:\/\/elmetidosv.com\/index.php?rest_route=%2Fwp%2Fv2%2Fmedia&parent=11304"}],"wp:term":[{"taxonomy":"category","embeddable":true,"href":"https:\/\/elmetidosv.com\/index.php?rest_route=%2Fwp%2Fv2%2Fcategories&post=11304"},{"taxonomy":"post_tag","embeddable":true,"href":"https:\/\/elmetidosv.com\/index.php?rest_route=%2Fwp%2Fv2%2Ftags&post=11304"}],"curies":[{"name":"wp","href":"https:\/\/api.w.org\/{rel}","templated":true}]}}