{"id":11199,"date":"2020-11-30T16:18:07","date_gmt":"2020-11-30T22:18:07","guid":{"rendered":"http:\/\/elmetidosve.com\/?p=11199"},"modified":"2020-11-30T16:18:16","modified_gmt":"2020-11-30T22:18:16","slug":"entregan-nueva-uci-en-hospital-benjamin-bloom","status":"publish","type":"post","link":"https:\/\/elmetidosv.com\/?p=11199","title":{"rendered":"Entregan nueva UCI en Hospital Benjam\u00edn Bloom"},"content":{"rendered":"\n<figure class=\"wp-block-gallery columns-2 is-cropped wp-block-gallery-1 is-layout-flex wp-block-gallery-is-layout-flex\"><ul class=\"blocks-gallery-grid\"><li class=\"blocks-gallery-item\"><figure><img loading=\"lazy\" decoding=\"async\" width=\"680\" height=\"417\" src=\"http:\/\/elmetidosve.com\/wp-content\/uploads\/2020\/11\/0000-175.jpg\" alt=\"\" data-id=\"11200\" data-full-url=\"http:\/\/elmetidosve.com\/wp-content\/uploads\/2020\/11\/0000-175.jpg\" data-link=\"http:\/\/elmetidosve.com\/?attachment_id=11200\" class=\"wp-image-11200\" srcset=\"https:\/\/elmetidosv.com\/wp-content\/uploads\/2020\/11\/0000-175.jpg 680w, https:\/\/elmetidosv.com\/wp-content\/uploads\/2020\/11\/0000-175-300x184.jpg 300w\" sizes=\"auto, (max-width: 680px) 100vw, 680px\" \/><\/figure><\/li><li class=\"blocks-gallery-item\"><figure><img loading=\"lazy\" decoding=\"async\" width=\"240\" height=\"160\" src=\"http:\/\/elmetidosve.com\/wp-content\/uploads\/2020\/11\/000-122.jpg\" alt=\"\" data-id=\"11201\" data-full-url=\"http:\/\/elmetidosve.com\/wp-content\/uploads\/2020\/11\/000-122.jpg\" data-link=\"http:\/\/elmetidosve.com\/?attachment_id=11201\" class=\"wp-image-11201\"\/><\/figure><\/li><\/ul><\/figure>\n\n\n\n<p>Los Ministerios de Salud y de Obras P\u00fablicas (MOP), entregaron este lunes la nueva Unidad de Cuidados Intensivos (UCI) del Hospital Nacional de Ni\u00f1os Benjam\u00edn Bloom en San Salvador.<\/p>\n\n\n\n<p>Esta nueva unidad es la apuesta del gobierno del presidente Nayib Bukele en reforzar la red de hospitales p\u00fablicos en todo el territorio nacional.<\/p>\n\n\n\n<p>El Ministro de Obras P\u00fablica, Romeo Herrera, explic\u00f3 que desde 1993 la UCI del Hospital Bloom no hab\u00eda recibido ninguna renovaci\u00f3n.<\/p>\n\n\n\n<p>Adem\u00e1s, el funcionario detall\u00f3 que la infraestructura de otros nosocomios p\u00fablicos de la red nacional de Salud estaban totalmente abandonados.<\/p>\n\n\n\n<p>Una de las prioridades del Gobierno del Presidente de la Rep\u00fablica, Nayib Bukele, desde que comenz\u00f3 a combatir la pandemia del COVID-19 fue mejorar los centros hospitalarios p\u00fablicos para mejorar la atenci\u00f3n del paciente.<\/p>\n","protected":false},"excerpt":{"rendered":"<p>Los Ministerios de Salud y de Obras P\u00fablicas (MOP), entregaron este lunes la nueva Unidad de Cuidados Intensivos (UCI) del<\/p>\n","protected":false},"author":2,"featured_media":11200,"comment_status":"open","ping_status":"open","sticky":false,"template":"","format":"standard","meta":{"colormag_page_container_layout":"default_layout","colormag_page_sidebar_layout":"default_layout","footnotes":""},"categories":[1],"tags":[],"class_list":["post-11199","post","type-post","status-publish","format-standard","has-post-thumbnail","hentry","category-nacional"],"_links":{"self":[{"href":"https:\/\/elmetidosv.com\/index.php?rest_route=\/wp\/v2\/posts\/11199","targetHints":{"allow":["GET"]}}],"collection":[{"href":"https:\/\/elmetidosv.com\/index.php?rest_route=\/wp\/v2\/posts"}],"about":[{"href":"https:\/\/elmetidosv.com\/index.php?rest_route=\/wp\/v2\/types\/post"}],"author":[{"embeddable":true,"href":"https:\/\/elmetidosv.com\/index.php?rest_route=\/wp\/v2\/users\/2"}],"replies":[{"embeddable":true,"href":"https:\/\/elmetidosv.com\/index.php?rest_route=%2Fwp%2Fv2%2Fcomments&post=11199"}],"version-history":[{"count":1,"href":"https:\/\/elmetidosv.com\/index.php?rest_route=\/wp\/v2\/posts\/11199\/revisions"}],"predecessor-version":[{"id":11202,"href":"https:\/\/elmetidosv.com\/index.php?rest_route=\/wp\/v2\/posts\/11199\/revisions\/11202"}],"wp:featuredmedia":[{"embeddable":true,"href":"https:\/\/elmetidosv.com\/index.php?rest_route=\/wp\/v2\/media\/11200"}],"wp:attachment":[{"href":"https:\/\/elmetidosv.com\/index.php?rest_route=%2Fwp%2Fv2%2Fmedia&parent=11199"}],"wp:term":[{"taxonomy":"category","embeddable":true,"href":"https:\/\/elmetidosv.com\/index.php?rest_route=%2Fwp%2Fv2%2Fcategories&post=11199"},{"taxonomy":"post_tag","embeddable":true,"href":"https:\/\/elmetidosv.com\/index.php?rest_route=%2Fwp%2Fv2%2Ftags&post=11199"}],"curies":[{"name":"wp","href":"https:\/\/api.w.org\/{rel}","templated":true}]}}