{"id":11149,"date":"2020-11-26T17:11:49","date_gmt":"2020-11-26T23:11:49","guid":{"rendered":"http:\/\/elmetidosve.com\/?p=11149"},"modified":"2020-11-26T17:11:59","modified_gmt":"2020-11-26T23:11:59","slug":"comandos-de-salvamento-rinden-honores-a-companero-caido-en-el-cumplimiento-del-deber","status":"publish","type":"post","link":"https:\/\/elmetidosv.com\/?p=11149","title":{"rendered":"Comandos de Salvamento rinden honores a compa\u00f1ero ca\u00eddo en el cumplimiento del deber"},"content":{"rendered":"\n<p>Miembros de Comandos de Salvamento trasladaron los restos mortales de uno de sus compa\u00f1eros quien perdiera la vida minutos des pues de atender una emergencia por accidente de tr\u00e1nsito en ciudad Merliot.<\/p>\n\n\n\n<p>Se trata de Jos\u00e9 Eduardo Ram\u00edrez Fuentes, cuyo cuerpo fue trasladado de la Base de Comandos en Cuidad Arce, rumbo a su vivienda donde ser\u00e1 velado por dos d\u00edas, hasta el d\u00eda s\u00e1bado cuando sea sepultado.<\/p>\n\n\n\n<p>\u201cEduardito\u201d como era conocido de cari\u00f1o perdi\u00f3 la vida haciendo lo que m\u00e1s le gustaba: auxiliando a los salvadore\u00f1os en situaci\u00f3n de emergencia. El joven de 25 a\u00f1os era uno de los socorristas destacados de Comandos de Salvamento, y desde 2016 estaba asignado a la sede ubicada en Ciudad Arce, La Libertad.<\/p>\n\n\n\n<p>El joven falleci\u00f3 la noche del mi\u00e9rcoles justo cuando regresaba de pasar una tarde familiar y se dirig\u00eda hacia Ciudad Arce donde era originario; sin embargo, al pasar en su veh\u00edculo por la zona de Plaza Merliot vio que socorristas de Cruz Verde brindaban atenci\u00f3n a una v\u00edctima de accidente de tr\u00e1nsito.<\/p>\n\n\n\n<p>Sin pensarlo dos veces, Eduardo se detuvo y  baj\u00f3 de su veh\u00edculo para ver en qu\u00e9 pod\u00eda ayudar. Luego de haber estabilizado a la v\u00edctima, el joven comenz\u00f3 a convulsionar y producto de ello su condici\u00f3n de salud se complic\u00f3 en instantes.<\/p>\n\n\n\n<p>Fue auxiliado por  socorristas de Cruz Verde que atend\u00edan la emergencia inicial, luego lo llevaron de inmediato al Seguro Social de Santa Tecla, pero los m\u00e9dicos al verificar su condici\u00f3n y signos vitales determinaron que ya no se pod\u00eda hacer nada, Eduardo hab\u00eda fallecido.<\/p>\n\n\n\n<p>Autoridades de la instituci\u00f3n indicaron que por las caracter\u00edsticas de lo sucedido se trat\u00f3 de un paro card\u00edaco, el cual le quit\u00f3 la vida inmediatamente. Tras la noticia, por medio de una esquela, la junta directiva, personal administrativo, socorristas y rescatistas voluntarios, lamentaron \u201cprofundamente la p\u00e9rdida irreparable de nuestro querido y amado compa\u00f1ero\u201d.<\/p>\n","protected":false},"excerpt":{"rendered":"<p>Miembros de Comandos de Salvamento trasladaron los restos mortales de uno de sus compa\u00f1eros quien perdiera la vida minutos des<\/p>\n","protected":false},"author":2,"featured_media":11150,"comment_status":"open","ping_status":"open","sticky":false,"template":"","format":"standard","meta":{"colormag_page_container_layout":"default_layout","colormag_page_sidebar_layout":"default_layout","footnotes":""},"categories":[1],"tags":[],"class_list":["post-11149","post","type-post","status-publish","format-standard","has-post-thumbnail","hentry","category-nacional"],"_links":{"self":[{"href":"https:\/\/elmetidosv.com\/index.php?rest_route=\/wp\/v2\/posts\/11149","targetHints":{"allow":["GET"]}}],"collection":[{"href":"https:\/\/elmetidosv.com\/index.php?rest_route=\/wp\/v2\/posts"}],"about":[{"href":"https:\/\/elmetidosv.com\/index.php?rest_route=\/wp\/v2\/types\/post"}],"author":[{"embeddable":true,"href":"https:\/\/elmetidosv.com\/index.php?rest_route=\/wp\/v2\/users\/2"}],"replies":[{"embeddable":true,"href":"https:\/\/elmetidosv.com\/index.php?rest_route=%2Fwp%2Fv2%2Fcomments&post=11149"}],"version-history":[{"count":1,"href":"https:\/\/elmetidosv.com\/index.php?rest_route=\/wp\/v2\/posts\/11149\/revisions"}],"predecessor-version":[{"id":11151,"href":"https:\/\/elmetidosv.com\/index.php?rest_route=\/wp\/v2\/posts\/11149\/revisions\/11151"}],"wp:featuredmedia":[{"embeddable":true,"href":"https:\/\/elmetidosv.com\/index.php?rest_route=\/wp\/v2\/media\/11150"}],"wp:attachment":[{"href":"https:\/\/elmetidosv.com\/index.php?rest_route=%2Fwp%2Fv2%2Fmedia&parent=11149"}],"wp:term":[{"taxonomy":"category","embeddable":true,"href":"https:\/\/elmetidosv.com\/index.php?rest_route=%2Fwp%2Fv2%2Fcategories&post=11149"},{"taxonomy":"post_tag","embeddable":true,"href":"https:\/\/elmetidosv.com\/index.php?rest_route=%2Fwp%2Fv2%2Ftags&post=11149"}],"curies":[{"name":"wp","href":"https:\/\/api.w.org\/{rel}","templated":true}]}}