{"id":11002,"date":"2020-11-21T16:19:37","date_gmt":"2020-11-21T22:19:37","guid":{"rendered":"http:\/\/elmetidosve.com\/?p=11002"},"modified":"2020-11-21T16:19:45","modified_gmt":"2020-11-21T22:19:45","slug":"privados-de-libertad-recogen-cuatro-toneladas-de-basura-en-jornada-de-limpieza-en-la-playa-el-majahual","status":"publish","type":"post","link":"https:\/\/elmetidosv.com\/?p=11002","title":{"rendered":"Privados de libertad recogen cuatro toneladas de basura en jornada de limpieza en la playa El Majahual"},"content":{"rendered":"\n<p>Cuatro toneladas de basura fueron recogidas el viernes pasado por los reos en fase de confianza durante una campa\u00f1a de limpieza desarrollada en la playa El Majahual, en el departamento de La Libertad.<\/p>\n\n\n\n<p>Bajo el fuerte sol, y vestidos con sus tradicionales camisetas amarillas manga larga, sus pantalones de lona, y sus gorras, los reos recorrieron varios kil\u00f3metros para levantar todos los desechos tirados en el lugar, y dejar completamente limpia la zona.<\/p>\n\n\n\n<p>Las acciones son en cumplimiento de los lineamientos dados por el Presidente Nayib Bukele a la Direcci\u00f3n General de Centros Penales, con el prop\u00f3sito de crear h\u00e1bitos laborales en los internos, fomentar la disposici\u00f3n de servir a la poblaci\u00f3n y resarcir los da\u00f1os causados a la sociedad.<\/p>\n\n\n\n<p>Adem\u00e1s, esta es una de las formas en las cuales los privados de libertad en proceso de reinserci\u00f3n aportan su mano de obra a las comunidades de diferentes municipios del pa\u00eds.<\/p>\n\n\n\n<p>\u201cLas actividades realizadas han sido retiro de escombros, pl\u00e1sticos y troncos secos. Estas labores promueven el cuidado de las playas en la poblaci\u00f3n y adem\u00e1s a que privados de libertad puedan resarcir su deuda a la sociedad, como parte del Plan Cero Ocio\u201d, dijo Osiris Luna.<\/p>\n\n\n\n<p>Al finalizar los trabajos de limpieza en la playa el Majahual, los reos agradecieron al Gobierno por brindarles la oportunidad de poder servir a la poblaci\u00f3n con obras de beneficio para muchas comunidades.<\/p>\n","protected":false},"excerpt":{"rendered":"<p>Cuatro toneladas de basura fueron recogidas el viernes pasado por los reos en fase de confianza durante una campa\u00f1a de<\/p>\n","protected":false},"author":2,"featured_media":11004,"comment_status":"open","ping_status":"open","sticky":false,"template":"","format":"standard","meta":{"colormag_page_container_layout":"default_layout","colormag_page_sidebar_layout":"default_layout","footnotes":""},"categories":[1],"tags":[],"class_list":["post-11002","post","type-post","status-publish","format-standard","has-post-thumbnail","hentry","category-nacional"],"_links":{"self":[{"href":"https:\/\/elmetidosv.com\/index.php?rest_route=\/wp\/v2\/posts\/11002","targetHints":{"allow":["GET"]}}],"collection":[{"href":"https:\/\/elmetidosv.com\/index.php?rest_route=\/wp\/v2\/posts"}],"about":[{"href":"https:\/\/elmetidosv.com\/index.php?rest_route=\/wp\/v2\/types\/post"}],"author":[{"embeddable":true,"href":"https:\/\/elmetidosv.com\/index.php?rest_route=\/wp\/v2\/users\/2"}],"replies":[{"embeddable":true,"href":"https:\/\/elmetidosv.com\/index.php?rest_route=%2Fwp%2Fv2%2Fcomments&post=11002"}],"version-history":[{"count":1,"href":"https:\/\/elmetidosv.com\/index.php?rest_route=\/wp\/v2\/posts\/11002\/revisions"}],"predecessor-version":[{"id":11005,"href":"https:\/\/elmetidosv.com\/index.php?rest_route=\/wp\/v2\/posts\/11002\/revisions\/11005"}],"wp:featuredmedia":[{"embeddable":true,"href":"https:\/\/elmetidosv.com\/index.php?rest_route=\/wp\/v2\/media\/11004"}],"wp:attachment":[{"href":"https:\/\/elmetidosv.com\/index.php?rest_route=%2Fwp%2Fv2%2Fmedia&parent=11002"}],"wp:term":[{"taxonomy":"category","embeddable":true,"href":"https:\/\/elmetidosv.com\/index.php?rest_route=%2Fwp%2Fv2%2Fcategories&post=11002"},{"taxonomy":"post_tag","embeddable":true,"href":"https:\/\/elmetidosv.com\/index.php?rest_route=%2Fwp%2Fv2%2Ftags&post=11002"}],"curies":[{"name":"wp","href":"https:\/\/api.w.org\/{rel}","templated":true}]}}