{"id":10967,"date":"2020-11-20T15:52:22","date_gmt":"2020-11-20T21:52:22","guid":{"rendered":"http:\/\/elmetidosve.com\/?p=10967"},"modified":"2020-11-20T15:52:29","modified_gmt":"2020-11-20T21:52:29","slug":"conductor-no-logra-esquivar-camion-volcado-y-pierde-la-vida-esta-manana","status":"publish","type":"post","link":"https:\/\/elmetidosv.com\/?p=10967","title":{"rendered":"Conductor no logra esquivar cami\u00f3n volcado y pierde la vida esta ma\u00f1ana"},"content":{"rendered":"\n<figure class=\"wp-block-gallery columns-2 is-cropped wp-block-gallery-1 is-layout-flex wp-block-gallery-is-layout-flex\"><ul class=\"blocks-gallery-grid\"><li class=\"blocks-gallery-item\"><figure><img loading=\"lazy\" decoding=\"async\" width=\"600\" height=\"450\" src=\"http:\/\/elmetidosve.com\/wp-content\/uploads\/2020\/11\/0000-124.jpg\" alt=\"\" data-id=\"10968\" data-full-url=\"http:\/\/elmetidosve.com\/wp-content\/uploads\/2020\/11\/0000-124.jpg\" data-link=\"http:\/\/elmetidosve.com\/?attachment_id=10968\" class=\"wp-image-10968\" srcset=\"https:\/\/elmetidosv.com\/wp-content\/uploads\/2020\/11\/0000-124.jpg 600w, https:\/\/elmetidosv.com\/wp-content\/uploads\/2020\/11\/0000-124-300x225.jpg 300w\" sizes=\"auto, (max-width: 600px) 100vw, 600px\" \/><\/figure><\/li><li class=\"blocks-gallery-item\"><figure><img loading=\"lazy\" decoding=\"async\" width=\"600\" height=\"338\" src=\"http:\/\/elmetidosve.com\/wp-content\/uploads\/2020\/11\/000-80.jpg\" alt=\"\" data-id=\"10969\" data-full-url=\"http:\/\/elmetidosve.com\/wp-content\/uploads\/2020\/11\/000-80.jpg\" data-link=\"http:\/\/elmetidosve.com\/?attachment_id=10969\" class=\"wp-image-10969\" srcset=\"https:\/\/elmetidosv.com\/wp-content\/uploads\/2020\/11\/000-80.jpg 600w, https:\/\/elmetidosv.com\/wp-content\/uploads\/2020\/11\/000-80-300x169.jpg 300w\" sizes=\"auto, (max-width: 600px) 100vw, 600px\" \/><\/figure><\/li><\/ul><\/figure>\n\n\n\n<p>Un motociclista perdi\u00f3 la vida luego de sufrir un aparatoso accidente sobre la carrera El Litoral, a la altura del Caser\u00edo Valle Alegre, Cant\u00f3n El Brazo, San Miguel.<\/p>\n\n\n\n<p>De acuerdo con el reporte, en el percance vial se vieron involucrados un cami\u00f3n de volteo y el motociclista.<\/p>\n\n\n\n<p>De manera preliminar se informa que el conductor del cami\u00f3n perdi\u00f3 el control volcando sobre la carretera. Lamentablemente el motociclista no pudo evitar el impacto.<\/p>\n\n\n\n<p>Autoridades han identificado a la victima como: Alfredo Alexander Orellana, de 34 a\u00f1os de edad, originaria del barrio El Calvario del municipio de San Rafael Oriente, San Miguel.<\/p>\n\n\n\n<p>Actualmente, las autoridades de la Polic\u00eda Nacional Civil (PNC) investigan a profundidad los hechos, entrevistando a testigos, para deducir las responsabilidades. El conductor del cami\u00f3n se dio a la fuga.<\/p>\n","protected":false},"excerpt":{"rendered":"<p>Un motociclista perdi\u00f3 la vida luego de sufrir un aparatoso accidente sobre la carrera El Litoral, a la altura del<\/p>\n","protected":false},"author":2,"featured_media":10968,"comment_status":"open","ping_status":"open","sticky":false,"template":"","format":"standard","meta":{"colormag_page_container_layout":"default_layout","colormag_page_sidebar_layout":"default_layout","footnotes":""},"categories":[1],"tags":[],"class_list":["post-10967","post","type-post","status-publish","format-standard","has-post-thumbnail","hentry","category-nacional"],"_links":{"self":[{"href":"https:\/\/elmetidosv.com\/index.php?rest_route=\/wp\/v2\/posts\/10967","targetHints":{"allow":["GET"]}}],"collection":[{"href":"https:\/\/elmetidosv.com\/index.php?rest_route=\/wp\/v2\/posts"}],"about":[{"href":"https:\/\/elmetidosv.com\/index.php?rest_route=\/wp\/v2\/types\/post"}],"author":[{"embeddable":true,"href":"https:\/\/elmetidosv.com\/index.php?rest_route=\/wp\/v2\/users\/2"}],"replies":[{"embeddable":true,"href":"https:\/\/elmetidosv.com\/index.php?rest_route=%2Fwp%2Fv2%2Fcomments&post=10967"}],"version-history":[{"count":1,"href":"https:\/\/elmetidosv.com\/index.php?rest_route=\/wp\/v2\/posts\/10967\/revisions"}],"predecessor-version":[{"id":10970,"href":"https:\/\/elmetidosv.com\/index.php?rest_route=\/wp\/v2\/posts\/10967\/revisions\/10970"}],"wp:featuredmedia":[{"embeddable":true,"href":"https:\/\/elmetidosv.com\/index.php?rest_route=\/wp\/v2\/media\/10968"}],"wp:attachment":[{"href":"https:\/\/elmetidosv.com\/index.php?rest_route=%2Fwp%2Fv2%2Fmedia&parent=10967"}],"wp:term":[{"taxonomy":"category","embeddable":true,"href":"https:\/\/elmetidosv.com\/index.php?rest_route=%2Fwp%2Fv2%2Fcategories&post=10967"},{"taxonomy":"post_tag","embeddable":true,"href":"https:\/\/elmetidosv.com\/index.php?rest_route=%2Fwp%2Fv2%2Ftags&post=10967"}],"curies":[{"name":"wp","href":"https:\/\/api.w.org\/{rel}","templated":true}]}}