{"id":10926,"date":"2020-11-18T16:47:49","date_gmt":"2020-11-18T22:47:49","guid":{"rendered":"http:\/\/elmetidosve.com\/?p=10926"},"modified":"2020-11-18T16:47:58","modified_gmt":"2020-11-18T22:47:58","slug":"sismo-en-el-occidente-del-pais","status":"publish","type":"post","link":"https:\/\/elmetidosv.com\/?p=10926","title":{"rendered":"Sismo en el occidente del pa\u00eds"},"content":{"rendered":"\n<figure class=\"wp-block-image\"><img decoding=\"async\" src=\"https:\/\/pbs.twimg.com\/media\/EnHp2cXXcAMp1nE?format=jpg&amp;name=small\" alt=\"Imagen\"\/><\/figure>\n\n\n\n<p>El Ministerio de Medio Ambiente y Recursos Naturales (MARN) inform\u00f3 este mi\u00e9rcoles de un segundo sismo en el occidente del pa\u00eds.<\/p>\n\n\n\n<p>De acuerdo con el informe de Medio Ambiente el sismo ocurri\u00f3 a las 10: 12 de la ma\u00f1ana y tuvo una magnitud de 2.3  grados en la escala de Richter<\/p>\n\n\n\n<p>Adem\u00e1s, el movimiento tel\u00farico fue localizado a  14 kil\u00f3metros  al norte del departamento de Sonsonate, en el municipio de Juay\u00faa y tuvo una profundidad de 3 kil\u00f3metros.<\/p>\n\n\n\n<p>El primer movimiento tel\u00farico fue reportado en la misma zona alrededor de las 10:00 de la ma\u00f1ana, explicaron las autoridades del MARN.<\/p>\n\n\n\n<p>Las autoridades llaman a la poblaci\u00f3n guardar la calma y estar pendiente a las indicaciones, debido a que los suelos se encuentran h\u00famedos tras el paso de la tormenta Iota.<\/p>\n","protected":false},"excerpt":{"rendered":"<p>El Ministerio de Medio Ambiente y Recursos Naturales (MARN) inform\u00f3 este mi\u00e9rcoles de un segundo sismo en el occidente del<\/p>\n","protected":false},"author":2,"featured_media":10927,"comment_status":"open","ping_status":"open","sticky":false,"template":"","format":"standard","meta":{"colormag_page_container_layout":"default_layout","colormag_page_sidebar_layout":"default_layout","footnotes":""},"categories":[1],"tags":[],"class_list":["post-10926","post","type-post","status-publish","format-standard","has-post-thumbnail","hentry","category-nacional"],"_links":{"self":[{"href":"https:\/\/elmetidosv.com\/index.php?rest_route=\/wp\/v2\/posts\/10926","targetHints":{"allow":["GET"]}}],"collection":[{"href":"https:\/\/elmetidosv.com\/index.php?rest_route=\/wp\/v2\/posts"}],"about":[{"href":"https:\/\/elmetidosv.com\/index.php?rest_route=\/wp\/v2\/types\/post"}],"author":[{"embeddable":true,"href":"https:\/\/elmetidosv.com\/index.php?rest_route=\/wp\/v2\/users\/2"}],"replies":[{"embeddable":true,"href":"https:\/\/elmetidosv.com\/index.php?rest_route=%2Fwp%2Fv2%2Fcomments&post=10926"}],"version-history":[{"count":1,"href":"https:\/\/elmetidosv.com\/index.php?rest_route=\/wp\/v2\/posts\/10926\/revisions"}],"predecessor-version":[{"id":10928,"href":"https:\/\/elmetidosv.com\/index.php?rest_route=\/wp\/v2\/posts\/10926\/revisions\/10928"}],"wp:featuredmedia":[{"embeddable":true,"href":"https:\/\/elmetidosv.com\/index.php?rest_route=\/wp\/v2\/media\/10927"}],"wp:attachment":[{"href":"https:\/\/elmetidosv.com\/index.php?rest_route=%2Fwp%2Fv2%2Fmedia&parent=10926"}],"wp:term":[{"taxonomy":"category","embeddable":true,"href":"https:\/\/elmetidosv.com\/index.php?rest_route=%2Fwp%2Fv2%2Fcategories&post=10926"},{"taxonomy":"post_tag","embeddable":true,"href":"https:\/\/elmetidosv.com\/index.php?rest_route=%2Fwp%2Fv2%2Ftags&post=10926"}],"curies":[{"name":"wp","href":"https:\/\/api.w.org\/{rel}","templated":true}]}}