{"id":1091,"date":"2020-03-27T18:34:14","date_gmt":"2020-03-28T00:34:14","guid":{"rendered":"http:\/\/elmetidosve.com\/?p=1091"},"modified":"2020-03-27T18:34:21","modified_gmt":"2020-03-28T00:34:21","slug":"primer-infectado-con-covid-19-en-el-salvador-sera-evaluado-para-alta-medica","status":"publish","type":"post","link":"https:\/\/elmetidosv.com\/?p=1091","title":{"rendered":"Primer infectado con COVID-19 en El Salvador ser\u00e1 evaluado para alta m\u00e9dica"},"content":{"rendered":"\n<p>El viceministro de Salud, Francisco Alab\u00ed, brind\u00f3 detalles sobre el estado de salud del primer paciente diagnosticado con COVID-19 en El Salvador, el cual fue detectado en el municipio de Metap\u00e1n, Santa Ana.<\/p>\n\n\n\n<p>El funcionario detall\u00f3 que est\u00e1n por iniciar un protocolo para evaluar su alta m\u00e9dica; no obstante, explic\u00f3 que es un proceso largo en el cual se realizan diversos estudios para detectar si el virus ya abandon\u00f3 el cuerpo del paciente.<\/p>\n\n\n\n<p>\u201cEso lleva un proceso con toma de muestras, para garantizar que la carga que este paciente en alg\u00fan momento pueda tener respecto a este virus, ya no pueda ser registrada por la prueba y con eso podamos decidir darle el alta al primer paciente\u201d, seg\u00fan publica diario El Mundo.<\/p>\n\n\n\n<p>De igual forma, se conoci\u00f3 que el paciente ya no presenta s\u00edntomas de la enfermedad y que ha mostrado mucha mejor\u00eda desde su internamiento.<\/p>\n\n\n\n<p>Hasta el momento, en El Salvador se registran un total de 13 casos confirmados del COVID-19, la mayor\u00eda de estas personas infectadas ya se encontraban aisladas en sus viviendas o en centros de contenci\u00f3n, gracias a las prontas medidas implementadas por el Gobierno.<\/p>\n","protected":false},"excerpt":{"rendered":"<p>El viceministro de Salud, Francisco Alab\u00ed, brind\u00f3 detalles sobre el estado de salud del primer paciente diagnosticado con COVID-19 en<\/p>\n","protected":false},"author":1,"featured_media":1092,"comment_status":"open","ping_status":"open","sticky":false,"template":"","format":"standard","meta":{"colormag_page_container_layout":"default_layout","colormag_page_sidebar_layout":"default_layout","footnotes":""},"categories":[1],"tags":[],"class_list":["post-1091","post","type-post","status-publish","format-standard","has-post-thumbnail","hentry","category-nacional"],"_links":{"self":[{"href":"https:\/\/elmetidosv.com\/index.php?rest_route=\/wp\/v2\/posts\/1091","targetHints":{"allow":["GET"]}}],"collection":[{"href":"https:\/\/elmetidosv.com\/index.php?rest_route=\/wp\/v2\/posts"}],"about":[{"href":"https:\/\/elmetidosv.com\/index.php?rest_route=\/wp\/v2\/types\/post"}],"author":[{"embeddable":true,"href":"https:\/\/elmetidosv.com\/index.php?rest_route=\/wp\/v2\/users\/1"}],"replies":[{"embeddable":true,"href":"https:\/\/elmetidosv.com\/index.php?rest_route=%2Fwp%2Fv2%2Fcomments&post=1091"}],"version-history":[{"count":1,"href":"https:\/\/elmetidosv.com\/index.php?rest_route=\/wp\/v2\/posts\/1091\/revisions"}],"predecessor-version":[{"id":1093,"href":"https:\/\/elmetidosv.com\/index.php?rest_route=\/wp\/v2\/posts\/1091\/revisions\/1093"}],"wp:featuredmedia":[{"embeddable":true,"href":"https:\/\/elmetidosv.com\/index.php?rest_route=\/wp\/v2\/media\/1092"}],"wp:attachment":[{"href":"https:\/\/elmetidosv.com\/index.php?rest_route=%2Fwp%2Fv2%2Fmedia&parent=1091"}],"wp:term":[{"taxonomy":"category","embeddable":true,"href":"https:\/\/elmetidosv.com\/index.php?rest_route=%2Fwp%2Fv2%2Fcategories&post=1091"},{"taxonomy":"post_tag","embeddable":true,"href":"https:\/\/elmetidosv.com\/index.php?rest_route=%2Fwp%2Fv2%2Ftags&post=1091"}],"curies":[{"name":"wp","href":"https:\/\/api.w.org\/{rel}","templated":true}]}}