{"id":10901,"date":"2020-11-17T16:54:20","date_gmt":"2020-11-17T22:54:20","guid":{"rendered":"http:\/\/elmetidosve.com\/?p=10901"},"modified":"2020-11-17T16:54:28","modified_gmt":"2020-11-17T22:54:28","slug":"iota-se-convierte-en-tormenta-tropical-en-su-avance-hacia-el-salvador","status":"publish","type":"post","link":"https:\/\/elmetidosv.com\/?p=10901","title":{"rendered":"Iota se convierte en Tormenta Tropical en su avance hacia El Salvador"},"content":{"rendered":"\n<figure class=\"wp-block-image\"><img decoding=\"async\" src=\"https:\/\/elblog.com\/inicio\/wp-content\/uploads\/2020\/11\/image-19.png\" alt=\"\"\/><\/figure>\n\n\n\n<p>Iota ha pasado de ser un potente hurac\u00e1n categor\u00eda 5 hasta degradarse a una Tormenta Tropical en su paso por Nicaragua y mientras avanza hacia Honduras y El Salvador.<\/p>\n\n\n\n<p>De acuerdo con el m\u00e1s reciente reporte del Centro Nacional de Huracanes (CNH) de los Estados Unidos, este mediod\u00eda el fen\u00f3meno ha dejado la categor\u00eda de hurac\u00e1n.<\/p>\n\n\n\n<p>Sin embargo, pese a la disminuci\u00f3n de su fuerza, Iota a\u00fan mantiene la capacidad de producir cat\u00e1strofes en su paso por Centroam\u00e9rica, detalla el CNH. En las pr\u00f3ximas horas tocar\u00e1 Honduras y luego se dirigir\u00eda a El Salvador.<\/p>\n\n\n\n<p>Se estima que en los pr\u00f3ximos dos d\u00edas contin\u00fae influenciando la regi\u00f3n, lo que podr\u00eda generar estragos en diferentes zonas vulnerables.<\/p>\n","protected":false},"excerpt":{"rendered":"<p>Iota ha pasado de ser un potente hurac\u00e1n categor\u00eda 5 hasta degradarse a una Tormenta Tropical en su paso por<\/p>\n","protected":false},"author":2,"featured_media":10902,"comment_status":"open","ping_status":"open","sticky":false,"template":"","format":"standard","meta":{"colormag_page_container_layout":"default_layout","colormag_page_sidebar_layout":"default_layout","footnotes":""},"categories":[1],"tags":[],"class_list":["post-10901","post","type-post","status-publish","format-standard","has-post-thumbnail","hentry","category-nacional"],"_links":{"self":[{"href":"https:\/\/elmetidosv.com\/index.php?rest_route=\/wp\/v2\/posts\/10901","targetHints":{"allow":["GET"]}}],"collection":[{"href":"https:\/\/elmetidosv.com\/index.php?rest_route=\/wp\/v2\/posts"}],"about":[{"href":"https:\/\/elmetidosv.com\/index.php?rest_route=\/wp\/v2\/types\/post"}],"author":[{"embeddable":true,"href":"https:\/\/elmetidosv.com\/index.php?rest_route=\/wp\/v2\/users\/2"}],"replies":[{"embeddable":true,"href":"https:\/\/elmetidosv.com\/index.php?rest_route=%2Fwp%2Fv2%2Fcomments&post=10901"}],"version-history":[{"count":1,"href":"https:\/\/elmetidosv.com\/index.php?rest_route=\/wp\/v2\/posts\/10901\/revisions"}],"predecessor-version":[{"id":10903,"href":"https:\/\/elmetidosv.com\/index.php?rest_route=\/wp\/v2\/posts\/10901\/revisions\/10903"}],"wp:featuredmedia":[{"embeddable":true,"href":"https:\/\/elmetidosv.com\/index.php?rest_route=\/wp\/v2\/media\/10902"}],"wp:attachment":[{"href":"https:\/\/elmetidosv.com\/index.php?rest_route=%2Fwp%2Fv2%2Fmedia&parent=10901"}],"wp:term":[{"taxonomy":"category","embeddable":true,"href":"https:\/\/elmetidosv.com\/index.php?rest_route=%2Fwp%2Fv2%2Fcategories&post=10901"},{"taxonomy":"post_tag","embeddable":true,"href":"https:\/\/elmetidosv.com\/index.php?rest_route=%2Fwp%2Fv2%2Ftags&post=10901"}],"curies":[{"name":"wp","href":"https:\/\/api.w.org\/{rel}","templated":true}]}}