{"id":10865,"date":"2020-11-16T18:28:23","date_gmt":"2020-11-17T00:28:23","guid":{"rendered":"http:\/\/elmetidosve.com\/?p=10865"},"modified":"2020-11-16T18:28:31","modified_gmt":"2020-11-17T00:28:31","slug":"equipos-de-la-fuerza-aerea-de-el-salvador-destacados-en-guatemala-regresan-al-pais-para-enfrentar-emergencia-por-iota","status":"publish","type":"post","link":"https:\/\/elmetidosv.com\/?p=10865","title":{"rendered":"Equipos de la Fuerza A\u00e9rea de El Salvador destacados en Guatemala regresan al pa\u00eds para enfrentar emergencia por Iota."},"content":{"rendered":"\n<figure class=\"wp-block-image size-large\"><img loading=\"lazy\" decoding=\"async\" width=\"1024\" height=\"683\" src=\"http:\/\/elmetidosve.com\/wp-content\/uploads\/2020\/11\/20201116143055_305A4957-1024x683.jpg\" alt=\"\" class=\"wp-image-10871\" srcset=\"https:\/\/elmetidosv.com\/wp-content\/uploads\/2020\/11\/20201116143055_305A4957-1024x683.jpg 1024w, https:\/\/elmetidosv.com\/wp-content\/uploads\/2020\/11\/20201116143055_305A4957-300x200.jpg 300w, https:\/\/elmetidosv.com\/wp-content\/uploads\/2020\/11\/20201116143055_305A4957-768x512.jpg 768w, https:\/\/elmetidosv.com\/wp-content\/uploads\/2020\/11\/20201116143055_305A4957-1536x1024.jpg 1536w, https:\/\/elmetidosv.com\/wp-content\/uploads\/2020\/11\/20201116143055_305A4957.jpg 1920w\" sizes=\"auto, (max-width: 1024px) 100vw, 1024px\" \/><\/figure>\n\n\n\n<p>Tras finalizar una destacada labor en Guatemala\npor el impacto del fen\u00f3meno climatol\u00f3gico Eta en ese pa\u00eds, regresaron a El\nSalvador los nueve pilotos de la Fuerza A\u00e9rea de El Salvador (FAES) que\nformaron parte del apoyo humanitario brindado por el Gobierno el Presidente\nNayib Bukele.<\/p>\n\n\n\n<p>El presidente de la Comisi\u00f3n Nacional de\nProtecci\u00f3n Civil, Mario Dur\u00e1n, explic\u00f3 que los efectivos militares regresaron\npara atender la alerta roja que afronta El Salvador, ante las posibles\nafectaciones que pueda generar el fen\u00f3meno natural Iota, que impactar\u00e1\nCentroam\u00e9rica en las pr\u00f3ximas horas como hurac\u00e1n categor\u00eda 5.<\/p>\n\n\n\n<figure class=\"wp-block-image size-large\"><img loading=\"lazy\" decoding=\"async\" width=\"1024\" height=\"683\" src=\"http:\/\/elmetidosve.com\/wp-content\/uploads\/2020\/11\/20201116150131_305A5066-1024x683.jpg\" alt=\"\" class=\"wp-image-10875\" srcset=\"https:\/\/elmetidosv.com\/wp-content\/uploads\/2020\/11\/20201116150131_305A5066-1024x683.jpg 1024w, https:\/\/elmetidosv.com\/wp-content\/uploads\/2020\/11\/20201116150131_305A5066-300x200.jpg 300w, https:\/\/elmetidosv.com\/wp-content\/uploads\/2020\/11\/20201116150131_305A5066-768x512.jpg 768w, https:\/\/elmetidosv.com\/wp-content\/uploads\/2020\/11\/20201116150131_305A5066-1536x1024.jpg 1536w, https:\/\/elmetidosv.com\/wp-content\/uploads\/2020\/11\/20201116150131_305A5066.jpg 1920w\" sizes=\"auto, (max-width: 1024px) 100vw, 1024px\" \/><\/figure>\n\n\n\n<p>Los miembros de la Fuerza A\u00e9rea colaboraron con\nel abastecimiento de m\u00e1s 45 mil libras de v\u00edveres y con la participaci\u00f3n en\nactividades de evacuaci\u00f3n durante las labores humanitarios en las zonas\nafectadas por Eta. <\/p>\n\n\n\n<p>Adem\u00e1s, dos helic\u00f3pteros UH-1H de la Fuerza\nA\u00e9rea fueron puestos a disposici\u00f3n de las autoridades de Guatemala, como parte\ndel apoyo brindado por del Presidente Bukele. Las aeronaves se encargaron de\nrealizar labores de rescate y traslado de alimentos en las zonas afectadas por\neste fen\u00f3meno natural, que caus\u00f3 devastaci\u00f3n a su paso por la regi\u00f3n. <\/p>\n\n\n\n<figure class=\"wp-block-image size-large\"><img loading=\"lazy\" decoding=\"async\" width=\"1024\" height=\"683\" src=\"http:\/\/elmetidosve.com\/wp-content\/uploads\/2020\/11\/20201116151720_305A5323-1024x683.jpg\" alt=\"\" class=\"wp-image-10872\" srcset=\"https:\/\/elmetidosv.com\/wp-content\/uploads\/2020\/11\/20201116151720_305A5323-1024x683.jpg 1024w, https:\/\/elmetidosv.com\/wp-content\/uploads\/2020\/11\/20201116151720_305A5323-300x200.jpg 300w, https:\/\/elmetidosv.com\/wp-content\/uploads\/2020\/11\/20201116151720_305A5323-768x512.jpg 768w, https:\/\/elmetidosv.com\/wp-content\/uploads\/2020\/11\/20201116151720_305A5323-1536x1024.jpg 1536w, https:\/\/elmetidosv.com\/wp-content\/uploads\/2020\/11\/20201116151720_305A5323.jpg 1920w\" sizes=\"auto, (max-width: 1024px) 100vw, 1024px\" \/><\/figure>\n\n\n\n<p>\u00abNosotros hemos visto con mucha\nsatisfacci\u00f3n el desempe\u00f1o de nuestra Fuerza A\u00e9rea, de nuestros militares y de\ntodo el conjunto de equipos que se desplegaron en Honduras y Guatemala\u00bb,\nafirm\u00f3 Mario Dur\u00e1n.<\/p>\n\n\n\n<p>Al frente de la misi\u00f3n humanitaria desarrollada\npor la FAES en Guatemala particip\u00f3 la mayor piloto aviador, Sandra Nohemy\nHern\u00e1ndez Vega, quien cuenta con 20 a\u00f1os de experiencia. \u00abNos sentimos\nsumamente honrados de haber podido participar en esta acci\u00f3n de ayuda\nhumanitaria, haber podido contribuir con nuestra hermana rep\u00fablica de\nGuatemala\u00bb, apunt\u00f3 la destacada piloto. <\/p>\n\n\n\n<figure class=\"wp-block-image size-large\"><img loading=\"lazy\" decoding=\"async\" width=\"1024\" height=\"683\" src=\"http:\/\/elmetidosve.com\/wp-content\/uploads\/2020\/11\/20201116150947_305A5231-1024x683.jpg\" alt=\"\" class=\"wp-image-10874\" srcset=\"https:\/\/elmetidosv.com\/wp-content\/uploads\/2020\/11\/20201116150947_305A5231-1024x683.jpg 1024w, https:\/\/elmetidosv.com\/wp-content\/uploads\/2020\/11\/20201116150947_305A5231-300x200.jpg 300w, https:\/\/elmetidosv.com\/wp-content\/uploads\/2020\/11\/20201116150947_305A5231-768x512.jpg 768w, https:\/\/elmetidosv.com\/wp-content\/uploads\/2020\/11\/20201116150947_305A5231-1536x1024.jpg 1536w, https:\/\/elmetidosv.com\/wp-content\/uploads\/2020\/11\/20201116150947_305A5231.jpg 1920w\" sizes=\"auto, (max-width: 1024px) 100vw, 1024px\" \/><\/figure>\n\n\n\n<p>El Gobierno salvadore\u00f1o tambi\u00e9n demostr\u00f3 su\nsolidaridad con los hermanos pa\u00edses centroamericanos al facilitar ayuda\nalimentaria valorada en m\u00e1s de US$1 mill\u00f3n.<\/p>\n","protected":false},"excerpt":{"rendered":"<p>Tras finalizar una destacada labor en Guatemala por el impacto del fen\u00f3meno climatol\u00f3gico Eta en ese pa\u00eds, regresaron a El<\/p>\n","protected":false},"author":1,"featured_media":10873,"comment_status":"open","ping_status":"open","sticky":false,"template":"","format":"standard","meta":{"colormag_page_container_layout":"default_layout","colormag_page_sidebar_layout":"default_layout","footnotes":""},"categories":[1],"tags":[],"class_list":["post-10865","post","type-post","status-publish","format-standard","has-post-thumbnail","hentry","category-nacional"],"_links":{"self":[{"href":"https:\/\/elmetidosv.com\/index.php?rest_route=\/wp\/v2\/posts\/10865","targetHints":{"allow":["GET"]}}],"collection":[{"href":"https:\/\/elmetidosv.com\/index.php?rest_route=\/wp\/v2\/posts"}],"about":[{"href":"https:\/\/elmetidosv.com\/index.php?rest_route=\/wp\/v2\/types\/post"}],"author":[{"embeddable":true,"href":"https:\/\/elmetidosv.com\/index.php?rest_route=\/wp\/v2\/users\/1"}],"replies":[{"embeddable":true,"href":"https:\/\/elmetidosv.com\/index.php?rest_route=%2Fwp%2Fv2%2Fcomments&post=10865"}],"version-history":[{"count":1,"href":"https:\/\/elmetidosv.com\/index.php?rest_route=\/wp\/v2\/posts\/10865\/revisions"}],"predecessor-version":[{"id":10876,"href":"https:\/\/elmetidosv.com\/index.php?rest_route=\/wp\/v2\/posts\/10865\/revisions\/10876"}],"wp:featuredmedia":[{"embeddable":true,"href":"https:\/\/elmetidosv.com\/index.php?rest_route=\/wp\/v2\/media\/10873"}],"wp:attachment":[{"href":"https:\/\/elmetidosv.com\/index.php?rest_route=%2Fwp%2Fv2%2Fmedia&parent=10865"}],"wp:term":[{"taxonomy":"category","embeddable":true,"href":"https:\/\/elmetidosv.com\/index.php?rest_route=%2Fwp%2Fv2%2Fcategories&post=10865"},{"taxonomy":"post_tag","embeddable":true,"href":"https:\/\/elmetidosv.com\/index.php?rest_route=%2Fwp%2Fv2%2Ftags&post=10865"}],"curies":[{"name":"wp","href":"https:\/\/api.w.org\/{rel}","templated":true}]}}