{"id":10857,"date":"2020-11-16T16:54:07","date_gmt":"2020-11-16T22:54:07","guid":{"rendered":"http:\/\/elmetidosve.com\/?p=10857"},"modified":"2020-11-16T16:54:16","modified_gmt":"2020-11-16T22:54:16","slug":"salud-desinfecta-albergues-que-se-han-habilitado-para-recibir-a-la-poblacion-ante-la-llegada-de-iota","status":"publish","type":"post","link":"https:\/\/elmetidosv.com\/?p=10857","title":{"rendered":"Salud desinfecta albergues que se han habilitado para recibir a la poblaci\u00f3n ante la llegada de Iota"},"content":{"rendered":"\n<figure class=\"wp-block-gallery columns-2 is-cropped wp-block-gallery-1 is-layout-flex wp-block-gallery-is-layout-flex\"><ul class=\"blocks-gallery-grid\"><li class=\"blocks-gallery-item\"><figure><img loading=\"lazy\" decoding=\"async\" width=\"360\" height=\"225\" src=\"http:\/\/elmetidosve.com\/wp-content\/uploads\/2020\/11\/0000-102.jpg\" alt=\"\" data-id=\"10858\" data-full-url=\"http:\/\/elmetidosve.com\/wp-content\/uploads\/2020\/11\/0000-102.jpg\" data-link=\"http:\/\/elmetidosve.com\/?attachment_id=10858\" class=\"wp-image-10858\" srcset=\"https:\/\/elmetidosv.com\/wp-content\/uploads\/2020\/11\/0000-102.jpg 360w, https:\/\/elmetidosv.com\/wp-content\/uploads\/2020\/11\/0000-102-300x188.jpg 300w\" sizes=\"auto, (max-width: 360px) 100vw, 360px\" \/><\/figure><\/li><li class=\"blocks-gallery-item\"><figure><img loading=\"lazy\" decoding=\"async\" width=\"360\" height=\"228\" src=\"http:\/\/elmetidosve.com\/wp-content\/uploads\/2020\/11\/000-66.jpg\" alt=\"\" data-id=\"10859\" data-full-url=\"http:\/\/elmetidosve.com\/wp-content\/uploads\/2020\/11\/000-66.jpg\" data-link=\"http:\/\/elmetidosve.com\/?attachment_id=10859\" class=\"wp-image-10859\" srcset=\"https:\/\/elmetidosv.com\/wp-content\/uploads\/2020\/11\/000-66.jpg 360w, https:\/\/elmetidosv.com\/wp-content\/uploads\/2020\/11\/000-66-300x190.jpg 300w\" sizes=\"auto, (max-width: 360px) 100vw, 360px\" \/><\/figure><\/li><\/ul><\/figure>\n\n\n\n<p>El Ministerio de Salud se puso manos a la obra e inici\u00f3 con las tareas de desinfecci\u00f3n de los lugares que servir\u00e1n de albergues para las personas que se puedan ver afectadas por los vientos nortes y las lluvias tipo temporal que genere Iota,<\/p>\n\n\n\n<p>Las labores de desinfecci\u00f3n de alto nivel en los albergues son parte del trabajo articulado que realiza el Gobierno para garantizar la salud de las familias salvadore\u00f1as; por ello, el ministro de Salud, Francisco Alabi, se\u00f1al\u00f3 que de momento han identificado al menos 70 albergues que cuentan con lo necesario para atender a la poblaci\u00f3n salvadore\u00f1a.<\/p>\n\n\n\n<p>\u201cHemos trasladado al personal de salud a diferentes albergues para que la poblaci\u00f3n salvadore\u00f1a cuente con todo lo indispensable para salir adelante ante esta situaci\u00f3n\u201d, expres\u00f3 el ministro Alabi.<\/p>\n\n\n\n<p>A las familias albergadas se les brindan insumos como mascarillas y alcohol gel. Adem\u00e1s, enfermeras, personal de saneamiento ambiental y promotores de salud les dar\u00e1n los insumos y la atenci\u00f3n m\u00e9dica y psicol\u00f3gica necesaria en el momento que lo requieran.<\/p>\n\n\n\n<p>El Gobierno del Presidente Bukele trabaja de forma anticipada para proteger al pueblo salvadore\u00f1o ante la vulnerabilidad del pa\u00eds a posibles deslaves, desprendimientos de tierra e inundaciones ocasionadas por los fen\u00f3menos naturales.<\/p>\n","protected":false},"excerpt":{"rendered":"<p>El Ministerio de Salud se puso manos a la obra e inici\u00f3 con las tareas de desinfecci\u00f3n de los lugares<\/p>\n","protected":false},"author":2,"featured_media":10859,"comment_status":"open","ping_status":"open","sticky":false,"template":"","format":"standard","meta":{"colormag_page_container_layout":"default_layout","colormag_page_sidebar_layout":"default_layout","footnotes":""},"categories":[1],"tags":[],"class_list":["post-10857","post","type-post","status-publish","format-standard","has-post-thumbnail","hentry","category-nacional"],"_links":{"self":[{"href":"https:\/\/elmetidosv.com\/index.php?rest_route=\/wp\/v2\/posts\/10857","targetHints":{"allow":["GET"]}}],"collection":[{"href":"https:\/\/elmetidosv.com\/index.php?rest_route=\/wp\/v2\/posts"}],"about":[{"href":"https:\/\/elmetidosv.com\/index.php?rest_route=\/wp\/v2\/types\/post"}],"author":[{"embeddable":true,"href":"https:\/\/elmetidosv.com\/index.php?rest_route=\/wp\/v2\/users\/2"}],"replies":[{"embeddable":true,"href":"https:\/\/elmetidosv.com\/index.php?rest_route=%2Fwp%2Fv2%2Fcomments&post=10857"}],"version-history":[{"count":1,"href":"https:\/\/elmetidosv.com\/index.php?rest_route=\/wp\/v2\/posts\/10857\/revisions"}],"predecessor-version":[{"id":10860,"href":"https:\/\/elmetidosv.com\/index.php?rest_route=\/wp\/v2\/posts\/10857\/revisions\/10860"}],"wp:featuredmedia":[{"embeddable":true,"href":"https:\/\/elmetidosv.com\/index.php?rest_route=\/wp\/v2\/media\/10859"}],"wp:attachment":[{"href":"https:\/\/elmetidosv.com\/index.php?rest_route=%2Fwp%2Fv2%2Fmedia&parent=10857"}],"wp:term":[{"taxonomy":"category","embeddable":true,"href":"https:\/\/elmetidosv.com\/index.php?rest_route=%2Fwp%2Fv2%2Fcategories&post=10857"},{"taxonomy":"post_tag","embeddable":true,"href":"https:\/\/elmetidosv.com\/index.php?rest_route=%2Fwp%2Fv2%2Ftags&post=10857"}],"curies":[{"name":"wp","href":"https:\/\/api.w.org\/{rel}","templated":true}]}}