{"id":10847,"date":"2020-11-15T12:44:57","date_gmt":"2020-11-15T18:44:57","guid":{"rendered":"http:\/\/elmetidosve.com\/?p=10847"},"modified":"2020-11-15T12:45:06","modified_gmt":"2020-11-15T18:45:06","slug":"diputado-resulta-lesionado-en-accidente-de-transito","status":"publish","type":"post","link":"https:\/\/elmetidosv.com\/?p=10847","title":{"rendered":"Diputado resulta lesionado en accidente de tr\u00e1nsito"},"content":{"rendered":"\n<p>Un nuevo accidente de tr\u00e1nsito se registra esta ma\u00f1ana de domingo sobre la carretera que conduce hac\u00eda Ahuachap\u00e1n, a la salida de Ciudad Real, en San Sebasti\u00e1n Salitrillo.<\/p>\n\n\n\n<p>De acuerdo a la informaci\u00f3n, el diputado del Partido de Concertaci\u00f3n Nacional PCN, Roberto Angulo, esta involucrado en el percance vial.<\/p>\n\n\n\n<p>De manera preliminar se informa que el veh\u00edculo tipo pickup, en el que se conduc\u00eda el parlamentario, se accident\u00f3 a un costado de la carretera luego de ser sacado de la v\u00eda por otro automotor.<\/p>\n\n\n\n<p>Pese a lo fuerte del choque, el diputado result\u00f3 \u00fanicamente con lesiones leves. Por su parte, los acompa\u00f1antes resultaron ilesos.<\/p>\n\n\n\n<p>Actualmente, las autoridades de la Polic\u00eda Nacional Civil (PNC) investigan a profundidad los hechos, entrevistando a testigos, para deducir las responsabilidades.<\/p>\n","protected":false},"excerpt":{"rendered":"<p>Un nuevo accidente de tr\u00e1nsito se registra esta ma\u00f1ana de domingo sobre la carretera que conduce hac\u00eda Ahuachap\u00e1n, a la<\/p>\n","protected":false},"author":2,"featured_media":10848,"comment_status":"open","ping_status":"open","sticky":false,"template":"","format":"standard","meta":{"colormag_page_container_layout":"default_layout","colormag_page_sidebar_layout":"default_layout","footnotes":""},"categories":[1],"tags":[],"class_list":["post-10847","post","type-post","status-publish","format-standard","has-post-thumbnail","hentry","category-nacional"],"_links":{"self":[{"href":"https:\/\/elmetidosv.com\/index.php?rest_route=\/wp\/v2\/posts\/10847","targetHints":{"allow":["GET"]}}],"collection":[{"href":"https:\/\/elmetidosv.com\/index.php?rest_route=\/wp\/v2\/posts"}],"about":[{"href":"https:\/\/elmetidosv.com\/index.php?rest_route=\/wp\/v2\/types\/post"}],"author":[{"embeddable":true,"href":"https:\/\/elmetidosv.com\/index.php?rest_route=\/wp\/v2\/users\/2"}],"replies":[{"embeddable":true,"href":"https:\/\/elmetidosv.com\/index.php?rest_route=%2Fwp%2Fv2%2Fcomments&post=10847"}],"version-history":[{"count":1,"href":"https:\/\/elmetidosv.com\/index.php?rest_route=\/wp\/v2\/posts\/10847\/revisions"}],"predecessor-version":[{"id":10849,"href":"https:\/\/elmetidosv.com\/index.php?rest_route=\/wp\/v2\/posts\/10847\/revisions\/10849"}],"wp:featuredmedia":[{"embeddable":true,"href":"https:\/\/elmetidosv.com\/index.php?rest_route=\/wp\/v2\/media\/10848"}],"wp:attachment":[{"href":"https:\/\/elmetidosv.com\/index.php?rest_route=%2Fwp%2Fv2%2Fmedia&parent=10847"}],"wp:term":[{"taxonomy":"category","embeddable":true,"href":"https:\/\/elmetidosv.com\/index.php?rest_route=%2Fwp%2Fv2%2Fcategories&post=10847"},{"taxonomy":"post_tag","embeddable":true,"href":"https:\/\/elmetidosv.com\/index.php?rest_route=%2Fwp%2Fv2%2Ftags&post=10847"}],"curies":[{"name":"wp","href":"https:\/\/api.w.org\/{rel}","templated":true}]}}