{"id":10757,"date":"2020-11-12T13:09:58","date_gmt":"2020-11-12T19:09:58","guid":{"rendered":"http:\/\/elmetidosve.com\/?p=10757"},"modified":"2020-11-12T13:10:06","modified_gmt":"2020-11-12T19:10:06","slug":"fiscalia-incauta-7-inmuebles-a-expresidente-de-anda-carlos-perla-su-hijo-y-su-exgerente","status":"publish","type":"post","link":"https:\/\/elmetidosv.com\/?p=10757","title":{"rendered":"Fiscal\u00eda incauta 7 inmuebles a expresidente de ANDA, Carlos Perla, su hijo y su exgerente"},"content":{"rendered":"\n<figure class=\"wp-block-gallery columns-1 is-cropped wp-block-gallery-1 is-layout-flex wp-block-gallery-is-layout-flex\"><ul class=\"blocks-gallery-grid\"><li class=\"blocks-gallery-item\"><figure><img loading=\"lazy\" decoding=\"async\" width=\"240\" height=\"180\" src=\"http:\/\/elmetidosve.com\/wp-content\/uploads\/2020\/11\/0000-77.jpg\" alt=\"\" data-id=\"10758\" data-link=\"http:\/\/elmetidosve.com\/?attachment_id=10758\" class=\"wp-image-10758\"\/><\/figure><\/li><li class=\"blocks-gallery-item\"><figure><img loading=\"lazy\" decoding=\"async\" width=\"240\" height=\"180\" src=\"http:\/\/elmetidosve.com\/wp-content\/uploads\/2020\/11\/000-44.jpg\" alt=\"\" data-id=\"10759\" data-link=\"http:\/\/elmetidosve.com\/?attachment_id=10759\" class=\"wp-image-10759\"\/><\/figure><\/li><li class=\"blocks-gallery-item\"><figure><img loading=\"lazy\" decoding=\"async\" width=\"360\" height=\"168\" src=\"http:\/\/elmetidosve.com\/wp-content\/uploads\/2020\/11\/0000-78.jpg\" alt=\"\" data-id=\"10760\" data-full-url=\"http:\/\/elmetidosve.com\/wp-content\/uploads\/2020\/11\/0000-78.jpg\" data-link=\"http:\/\/elmetidosve.com\/?attachment_id=10760\" class=\"wp-image-10760\" srcset=\"https:\/\/elmetidosv.com\/wp-content\/uploads\/2020\/11\/0000-78.jpg 360w, https:\/\/elmetidosv.com\/wp-content\/uploads\/2020\/11\/0000-78-300x140.jpg 300w\" sizes=\"auto, (max-width: 360px) 100vw, 360px\" \/><\/figure><\/li><li class=\"blocks-gallery-item\"><figure><img loading=\"lazy\" decoding=\"async\" width=\"270\" height=\"360\" src=\"http:\/\/elmetidosve.com\/wp-content\/uploads\/2020\/11\/000-45.jpg\" alt=\"\" data-id=\"10761\" data-full-url=\"http:\/\/elmetidosve.com\/wp-content\/uploads\/2020\/11\/000-45.jpg\" data-link=\"http:\/\/elmetidosve.com\/?attachment_id=10761\" class=\"wp-image-10761\" srcset=\"https:\/\/elmetidosv.com\/wp-content\/uploads\/2020\/11\/000-45.jpg 270w, https:\/\/elmetidosv.com\/wp-content\/uploads\/2020\/11\/000-45-225x300.jpg 225w\" sizes=\"auto, (max-width: 270px) 100vw, 270px\" \/><\/figure><\/li><\/ul><\/figure>\n\n\n\n<p>Autoridades de la Fiscal\u00eda General de la Rep\u00fablica (FGR) realizaron la materializaci\u00f3n de siete inmuebles que est\u00e1n ligados a un caso de enriquecimiento il\u00edcito relacionado a administraciones anteriores en la Administraci\u00f3n Nacional de Acueductos y Alcantarillados (ANDA).<\/p>\n\n\n\n<p>Espec\u00edficamente, las propiedades estar\u00edan a nombre del expresidente de la aut\u00f3noma, Carlos Augusto Perla, tambi\u00e9n de su hijo, Carlos Gerardo Perla Ch\u00e1vez, y el exgerente de la misma entidad, Jos\u00e9 Mario Orellana Andrade.<\/p>\n\n\n\n<p>\u201cLas propiedades se ubican en Ilopango, Miralvalle y Mejicanos, en San Salvador, as\u00ed como en Urbanizaci\u00f3n Las Palmeras en Santa Tecla, La Libertad, en La Paz y un rancho de playa en Sonsonate\u201d, detalla la Fiscal\u00eda.<\/p>\n\n\n\n<p>De acuerdo con las investigaciones desarrolladas por la Fiscal\u00eda, se ha determinado que \u201cestos bienes tienen un origen il\u00edcito por lo que se les inicia el correspondiente proceso ante el Juzgado Especializado de Extinci\u00f3n de Dominio con el fin de ser transferidos al Estado\u201d, agreg\u00f3 el Ministerio P\u00fablico.<\/p>\n\n\n\n<p>Estos inmuebles pasar\u00edan a ser administrados por el Estado, retribuyendo fondos que fueron utilizados por los exfuncionarios a favor propio.<\/p>\n","protected":false},"excerpt":{"rendered":"<p>Autoridades de la Fiscal\u00eda General de la Rep\u00fablica (FGR) realizaron la materializaci\u00f3n de siete inmuebles que est\u00e1n ligados a un<\/p>\n","protected":false},"author":2,"featured_media":10759,"comment_status":"open","ping_status":"open","sticky":false,"template":"","format":"standard","meta":{"colormag_page_container_layout":"default_layout","colormag_page_sidebar_layout":"default_layout","footnotes":""},"categories":[1],"tags":[],"class_list":["post-10757","post","type-post","status-publish","format-standard","has-post-thumbnail","hentry","category-nacional"],"_links":{"self":[{"href":"https:\/\/elmetidosv.com\/index.php?rest_route=\/wp\/v2\/posts\/10757","targetHints":{"allow":["GET"]}}],"collection":[{"href":"https:\/\/elmetidosv.com\/index.php?rest_route=\/wp\/v2\/posts"}],"about":[{"href":"https:\/\/elmetidosv.com\/index.php?rest_route=\/wp\/v2\/types\/post"}],"author":[{"embeddable":true,"href":"https:\/\/elmetidosv.com\/index.php?rest_route=\/wp\/v2\/users\/2"}],"replies":[{"embeddable":true,"href":"https:\/\/elmetidosv.com\/index.php?rest_route=%2Fwp%2Fv2%2Fcomments&post=10757"}],"version-history":[{"count":1,"href":"https:\/\/elmetidosv.com\/index.php?rest_route=\/wp\/v2\/posts\/10757\/revisions"}],"predecessor-version":[{"id":10762,"href":"https:\/\/elmetidosv.com\/index.php?rest_route=\/wp\/v2\/posts\/10757\/revisions\/10762"}],"wp:featuredmedia":[{"embeddable":true,"href":"https:\/\/elmetidosv.com\/index.php?rest_route=\/wp\/v2\/media\/10759"}],"wp:attachment":[{"href":"https:\/\/elmetidosv.com\/index.php?rest_route=%2Fwp%2Fv2%2Fmedia&parent=10757"}],"wp:term":[{"taxonomy":"category","embeddable":true,"href":"https:\/\/elmetidosv.com\/index.php?rest_route=%2Fwp%2Fv2%2Fcategories&post=10757"},{"taxonomy":"post_tag","embeddable":true,"href":"https:\/\/elmetidosv.com\/index.php?rest_route=%2Fwp%2Fv2%2Ftags&post=10757"}],"curies":[{"name":"wp","href":"https:\/\/api.w.org\/{rel}","templated":true}]}}