{"id":10691,"date":"2020-11-11T16:58:44","date_gmt":"2020-11-11T22:58:44","guid":{"rendered":"http:\/\/elmetidosve.com\/?p=10691"},"modified":"2020-11-11T16:58:53","modified_gmt":"2020-11-11T22:58:53","slug":"pnc-arresto-a-dos-pandilleros-que-operaban-en-los-alrededores-de-san-miguel","status":"publish","type":"post","link":"https:\/\/elmetidosv.com\/?p=10691","title":{"rendered":"PNC arresto a dos pandilleros que operaban en los alrededores de San Miguel"},"content":{"rendered":"\n<p>Tras la efectividad que la Polic\u00eda Nacional Civil (PNC) ha implementado en las tareas de seguridad p\u00fablica, varios delincuentes han sido capturados en las \u00faltimas horas y en varios puntos del territorio Nacional.<\/p>\n\n\n\n<p>Este mi\u00e9rcoles, la PNC reporta la detenci\u00f3n de dos sujetos cuando uno de ellos circulaba en los alrededores de la colonia Centroam\u00e9rica, de la ciudad de San Miguel y el otro en la Avenida Roosevelt de la misma ciudad.<\/p>\n\n\n\n<p>Seg\u00fan detallan las autoridades, se trata de los pandilleros identificados V\u00edctor M\u00e1rquez Garc\u00eda  y V\u00edctor D\u00edas Trejo, ambos que pesa una orden judicial atribuida al crimen de una persona.<\/p>\n","protected":false},"excerpt":{"rendered":"<p>Tras la efectividad que la Polic\u00eda Nacional Civil (PNC) ha implementado en las tareas de seguridad p\u00fablica, varios delincuentes han<\/p>\n","protected":false},"author":2,"featured_media":10692,"comment_status":"open","ping_status":"open","sticky":false,"template":"","format":"standard","meta":{"colormag_page_container_layout":"default_layout","colormag_page_sidebar_layout":"default_layout","footnotes":""},"categories":[1],"tags":[],"class_list":["post-10691","post","type-post","status-publish","format-standard","has-post-thumbnail","hentry","category-nacional"],"_links":{"self":[{"href":"https:\/\/elmetidosv.com\/index.php?rest_route=\/wp\/v2\/posts\/10691","targetHints":{"allow":["GET"]}}],"collection":[{"href":"https:\/\/elmetidosv.com\/index.php?rest_route=\/wp\/v2\/posts"}],"about":[{"href":"https:\/\/elmetidosv.com\/index.php?rest_route=\/wp\/v2\/types\/post"}],"author":[{"embeddable":true,"href":"https:\/\/elmetidosv.com\/index.php?rest_route=\/wp\/v2\/users\/2"}],"replies":[{"embeddable":true,"href":"https:\/\/elmetidosv.com\/index.php?rest_route=%2Fwp%2Fv2%2Fcomments&post=10691"}],"version-history":[{"count":1,"href":"https:\/\/elmetidosv.com\/index.php?rest_route=\/wp\/v2\/posts\/10691\/revisions"}],"predecessor-version":[{"id":10694,"href":"https:\/\/elmetidosv.com\/index.php?rest_route=\/wp\/v2\/posts\/10691\/revisions\/10694"}],"wp:featuredmedia":[{"embeddable":true,"href":"https:\/\/elmetidosv.com\/index.php?rest_route=\/wp\/v2\/media\/10692"}],"wp:attachment":[{"href":"https:\/\/elmetidosv.com\/index.php?rest_route=%2Fwp%2Fv2%2Fmedia&parent=10691"}],"wp:term":[{"taxonomy":"category","embeddable":true,"href":"https:\/\/elmetidosv.com\/index.php?rest_route=%2Fwp%2Fv2%2Fcategories&post=10691"},{"taxonomy":"post_tag","embeddable":true,"href":"https:\/\/elmetidosv.com\/index.php?rest_route=%2Fwp%2Fv2%2Ftags&post=10691"}],"curies":[{"name":"wp","href":"https:\/\/api.w.org\/{rel}","templated":true}]}}