{"id":10631,"date":"2020-11-10T16:41:09","date_gmt":"2020-11-10T22:41:09","guid":{"rendered":"http:\/\/elmetidosve.com\/?p=10631"},"modified":"2020-11-10T16:41:18","modified_gmt":"2020-11-10T22:41:18","slug":"ministerio-de-educacion-realizara-manana-miercoles-segundo-ensayo-de-la-prueba-avanzo","status":"publish","type":"post","link":"https:\/\/elmetidosv.com\/?p=10631","title":{"rendered":"Ministerio de Educaci\u00f3n realizar\u00e1 ma\u00f1ana mi\u00e9rcoles segundo ensayo de la prueba AVANZO"},"content":{"rendered":"\n<p>La Ministra de Educaci\u00f3n, Carla Hanan\u00eda de Varela, inform\u00f3 este martes en una entrevista matutina que ma\u00f1ana mi\u00e9rcoles se realizar\u00e1 el segundo ensayo de la prueba AVANZO.<\/p>\n\n\n\n<p>\u201cMa\u00f1ana tendremos el segundo ensayo para la prueba AVANZO. Hemos aprendido que nuestros estudiantes no saben seguir instrucciones. El \u00e9xito en la prueba depender\u00e1 de que lean muy bien\u201d, asegur\u00f3 Hanan\u00eda.<\/p>\n\n\n\n<p>La titular de esta cartera de Estado explic\u00f3 que las clases en la modalidad de gu\u00edas como de clases virtuales regresaran pronto y que se debe respetar la Alerta Roja emitida por el Gobierno del presidente Bukele.<\/p>\n\n\n\n<p>\u201cLa dignificaci\u00f3n docente no es s\u00f3lo el aumento de salario. Con el apoyo de la Secretar\u00eda de la Secretar\u00eda de Innovaci\u00f3n tambi\u00e9n los hemos capacitado en la plataforma Google Classroom\u201d, asegur\u00f3 la funcionaria en la entrevista matutina<\/p>\n\n\n\n<p>Este 2020 es un a\u00f1o at\u00edpico para la educaci\u00f3n por la pandemia del COVID-19 y que se est\u00e1 apostando en trabajar la salud mental del maestro como del alumno.<\/p>\n","protected":false},"excerpt":{"rendered":"<p>La Ministra de Educaci\u00f3n, Carla Hanan\u00eda de Varela, inform\u00f3 este martes en una entrevista matutina que ma\u00f1ana mi\u00e9rcoles se realizar\u00e1<\/p>\n","protected":false},"author":2,"featured_media":10632,"comment_status":"open","ping_status":"open","sticky":false,"template":"","format":"standard","meta":{"colormag_page_container_layout":"default_layout","colormag_page_sidebar_layout":"default_layout","footnotes":""},"categories":[1],"tags":[],"class_list":["post-10631","post","type-post","status-publish","format-standard","has-post-thumbnail","hentry","category-nacional"],"_links":{"self":[{"href":"https:\/\/elmetidosv.com\/index.php?rest_route=\/wp\/v2\/posts\/10631","targetHints":{"allow":["GET"]}}],"collection":[{"href":"https:\/\/elmetidosv.com\/index.php?rest_route=\/wp\/v2\/posts"}],"about":[{"href":"https:\/\/elmetidosv.com\/index.php?rest_route=\/wp\/v2\/types\/post"}],"author":[{"embeddable":true,"href":"https:\/\/elmetidosv.com\/index.php?rest_route=\/wp\/v2\/users\/2"}],"replies":[{"embeddable":true,"href":"https:\/\/elmetidosv.com\/index.php?rest_route=%2Fwp%2Fv2%2Fcomments&post=10631"}],"version-history":[{"count":1,"href":"https:\/\/elmetidosv.com\/index.php?rest_route=\/wp\/v2\/posts\/10631\/revisions"}],"predecessor-version":[{"id":10633,"href":"https:\/\/elmetidosv.com\/index.php?rest_route=\/wp\/v2\/posts\/10631\/revisions\/10633"}],"wp:featuredmedia":[{"embeddable":true,"href":"https:\/\/elmetidosv.com\/index.php?rest_route=\/wp\/v2\/media\/10632"}],"wp:attachment":[{"href":"https:\/\/elmetidosv.com\/index.php?rest_route=%2Fwp%2Fv2%2Fmedia&parent=10631"}],"wp:term":[{"taxonomy":"category","embeddable":true,"href":"https:\/\/elmetidosv.com\/index.php?rest_route=%2Fwp%2Fv2%2Fcategories&post=10631"},{"taxonomy":"post_tag","embeddable":true,"href":"https:\/\/elmetidosv.com\/index.php?rest_route=%2Fwp%2Fv2%2Ftags&post=10631"}],"curies":[{"name":"wp","href":"https:\/\/api.w.org\/{rel}","templated":true}]}}