{"id":10617,"date":"2020-11-09T17:33:29","date_gmt":"2020-11-09T23:33:29","guid":{"rendered":"http:\/\/elmetidosve.com\/?p=10617"},"modified":"2020-11-09T17:34:33","modified_gmt":"2020-11-09T23:34:33","slug":"honduras-contabiliza-57-fallecidos-por-eta","status":"publish","type":"post","link":"https:\/\/elmetidosv.com\/?p=10617","title":{"rendered":"Honduras contabiliza 57 fallecidos por Eta"},"content":{"rendered":"\n<p>Las autoridades de la Secretar\u00eda en los Despachos de Gesti\u00f3n del Riesgo y Contingencias Nacionales (Copeco), informaron este lunes que contabilizan 57 fallecidos por la tormenta Tropical Eta.<\/p>\n\n\n\n<p>Seg\u00fan el medio de comunicaci\u00f3n La Tribuna, se reportan ocho personas desaparecidas y 4,810 familias afectadas y evacuadas a los 374 albergues habilitados por el gobierno hondure\u00f1o.<\/p>\n\n\n\n<p>\u201cSiempre las esperanzas se mantienen y las familias de los afectados est\u00e1n utilizando diferentes medios para buscar a sus familiares, en las redes sociales de Copeco est\u00e1n compartiendo informaci\u00f3n, eso nos ayuda a orientarnos\u201d afirm\u00f3 una fuente de esta instituci\u00f3n.<\/p>\n\n\n\n<p>El pasado s\u00e1bado, el Presidente de la Rep\u00fablica de El Salvador, Nayib Bukele, anunci\u00f3 el envi\u00f3 de 200 rescatistas, maquinaria, equipo y 2 millones de d\u00f3lares en paquetes alimentarios para los afectados en Honduras y Guatemala.<\/p>\n","protected":false},"excerpt":{"rendered":"<p>Las autoridades de la Secretar\u00eda en los Despachos de Gesti\u00f3n del Riesgo y Contingencias Nacionales (Copeco), informaron este lunes que<\/p>\n","protected":false},"author":2,"featured_media":10618,"comment_status":"open","ping_status":"open","sticky":false,"template":"","format":"standard","meta":{"colormag_page_container_layout":"default_layout","colormag_page_sidebar_layout":"default_layout","footnotes":""},"categories":[3],"tags":[],"class_list":["post-10617","post","type-post","status-publish","format-standard","has-post-thumbnail","hentry","category-internacional"],"_links":{"self":[{"href":"https:\/\/elmetidosv.com\/index.php?rest_route=\/wp\/v2\/posts\/10617","targetHints":{"allow":["GET"]}}],"collection":[{"href":"https:\/\/elmetidosv.com\/index.php?rest_route=\/wp\/v2\/posts"}],"about":[{"href":"https:\/\/elmetidosv.com\/index.php?rest_route=\/wp\/v2\/types\/post"}],"author":[{"embeddable":true,"href":"https:\/\/elmetidosv.com\/index.php?rest_route=\/wp\/v2\/users\/2"}],"replies":[{"embeddable":true,"href":"https:\/\/elmetidosv.com\/index.php?rest_route=%2Fwp%2Fv2%2Fcomments&post=10617"}],"version-history":[{"count":1,"href":"https:\/\/elmetidosv.com\/index.php?rest_route=\/wp\/v2\/posts\/10617\/revisions"}],"predecessor-version":[{"id":10619,"href":"https:\/\/elmetidosv.com\/index.php?rest_route=\/wp\/v2\/posts\/10617\/revisions\/10619"}],"wp:featuredmedia":[{"embeddable":true,"href":"https:\/\/elmetidosv.com\/index.php?rest_route=\/wp\/v2\/media\/10618"}],"wp:attachment":[{"href":"https:\/\/elmetidosv.com\/index.php?rest_route=%2Fwp%2Fv2%2Fmedia&parent=10617"}],"wp:term":[{"taxonomy":"category","embeddable":true,"href":"https:\/\/elmetidosv.com\/index.php?rest_route=%2Fwp%2Fv2%2Fcategories&post=10617"},{"taxonomy":"post_tag","embeddable":true,"href":"https:\/\/elmetidosv.com\/index.php?rest_route=%2Fwp%2Fv2%2Ftags&post=10617"}],"curies":[{"name":"wp","href":"https:\/\/api.w.org\/{rel}","templated":true}]}}