{"id":10539,"date":"2020-11-05T15:45:38","date_gmt":"2020-11-05T21:45:38","guid":{"rendered":"http:\/\/elmetidosve.com\/?p=10539"},"modified":"2020-11-05T15:46:53","modified_gmt":"2020-11-05T21:46:53","slug":"deslaves-causados-por-eta-en-guatemala-dejan-cuatro-fallecidos-entre-ellos-ninos-de-2-y-11-anos","status":"publish","type":"post","link":"https:\/\/elmetidosv.com\/?p=10539","title":{"rendered":"Deslaves causados por Eta en Guatemala dejan cuatro fallecidos entre ellos ni\u00f1os de 2 y 11 a\u00f1os"},"content":{"rendered":"\n<figure class=\"wp-block-gallery columns-2 is-cropped wp-block-gallery-1 is-layout-flex wp-block-gallery-is-layout-flex\"><ul class=\"blocks-gallery-grid\"><li class=\"blocks-gallery-item\"><figure><img loading=\"lazy\" decoding=\"async\" width=\"284\" height=\"177\" src=\"http:\/\/elmetidosve.com\/wp-content\/uploads\/2020\/11\/000-17.jpg\" alt=\"\" data-id=\"10540\" data-link=\"http:\/\/elmetidosve.com\/?attachment_id=10540\" class=\"wp-image-10540\"\/><\/figure><\/li><li class=\"blocks-gallery-item\"><figure><img loading=\"lazy\" decoding=\"async\" width=\"577\" height=\"1024\" src=\"http:\/\/elmetidosve.com\/wp-content\/uploads\/2020\/11\/0000-31-577x1024.jpg\" alt=\"\" data-id=\"10541\" data-full-url=\"http:\/\/elmetidosve.com\/wp-content\/uploads\/2020\/11\/0000-31.jpg\" data-link=\"http:\/\/elmetidosve.com\/?attachment_id=10541\" class=\"wp-image-10541\" srcset=\"https:\/\/elmetidosv.com\/wp-content\/uploads\/2020\/11\/0000-31-577x1024.jpg 577w, https:\/\/elmetidosv.com\/wp-content\/uploads\/2020\/11\/0000-31-169x300.jpg 169w, https:\/\/elmetidosv.com\/wp-content\/uploads\/2020\/11\/0000-31.jpg 676w\" sizes=\"auto, (max-width: 577px) 100vw, 577px\" \/><\/figure><\/li><\/ul><\/figure>\n\n\n\n<p>Las autoridades de Guatemala contabilizan, al menos cuatro personas fallecidas en las \u00faltimas horas debido a deslaves causados por la depresi\u00f3n tropical Eta.<\/p>\n\n\n\n<p>Entre las v\u00edctimas se encuentran dos ni\u00f1os de 2 y 11 a\u00f1os, quienes perdieron la vida a causa de los estragos ocasionados por el paso de Eta, inform\u00f3 este jueves protecci\u00f3n civil, instituci\u00f3n que confirm\u00f3 otras dos personas desaparecidas en el pa\u00eds.<\/p>\n\n\n\n<p>Los fallecidos en Guatemala son parte de las ocho v\u00edctimas que se contabilizan en total a causa de la depresi\u00f3n tropical a nivel de Centroam\u00e9rica.<\/p>\n\n\n\n<p>Cabe destacar que el fen\u00f3meno impact\u00f3 el norte de Nicaragua desde el martes como hurac\u00e1n categor\u00eda 4. Este ya hab\u00eda cobrado la vida de dos ni\u00f1as por derrumbes en Honduras y de dos mineros por deslaves en el Caribe Norte nicarag\u00fcense.<\/p>\n\n\n\n<p>Los menores guatemaltecos fallecieron en la aldea Los Trigales, en Quich\u00e9, luego que un deslave soterrara la casa donde habitaban, afirm\u00f3 el vocero de la Coordinadora para la Reducci\u00f3n de Desastres (Conred) de Guatemala, David de Le\u00f3n.<\/p>\n\n\n\n<p>Otra v\u00edctima se registr\u00f3 en el poblado de Chinautla, colindante al norte con la capital guatemalteca. Por su lado, la cuarta falleci\u00f3 en la aldea Pajales, tambi\u00e9n en Cun\u00e9n, donde hay dos desaparecidos, coment\u00f3 De Le\u00f3n.<\/p>\n\n\n\n<p>Solo en Guatemala, Eta ha causado 89 incidentes, puesto a 487 personas en riesgo, adem\u00e1s hay 33.282 personas afectadas por inundaciones o bloqueos de carreteras, 1,801 evacuados, 408 albergadas y 443 viviendas con da\u00f1os.<\/p>\n","protected":false},"excerpt":{"rendered":"<p>Las autoridades de Guatemala contabilizan, al menos cuatro personas fallecidas en las \u00faltimas horas debido a deslaves causados por la<\/p>\n","protected":false},"author":2,"featured_media":10542,"comment_status":"open","ping_status":"open","sticky":false,"template":"","format":"standard","meta":{"colormag_page_container_layout":"default_layout","colormag_page_sidebar_layout":"default_layout","footnotes":""},"categories":[3],"tags":[],"class_list":["post-10539","post","type-post","status-publish","format-standard","has-post-thumbnail","hentry","category-internacional"],"_links":{"self":[{"href":"https:\/\/elmetidosv.com\/index.php?rest_route=\/wp\/v2\/posts\/10539","targetHints":{"allow":["GET"]}}],"collection":[{"href":"https:\/\/elmetidosv.com\/index.php?rest_route=\/wp\/v2\/posts"}],"about":[{"href":"https:\/\/elmetidosv.com\/index.php?rest_route=\/wp\/v2\/types\/post"}],"author":[{"embeddable":true,"href":"https:\/\/elmetidosv.com\/index.php?rest_route=\/wp\/v2\/users\/2"}],"replies":[{"embeddable":true,"href":"https:\/\/elmetidosv.com\/index.php?rest_route=%2Fwp%2Fv2%2Fcomments&post=10539"}],"version-history":[{"count":1,"href":"https:\/\/elmetidosv.com\/index.php?rest_route=\/wp\/v2\/posts\/10539\/revisions"}],"predecessor-version":[{"id":10543,"href":"https:\/\/elmetidosv.com\/index.php?rest_route=\/wp\/v2\/posts\/10539\/revisions\/10543"}],"wp:featuredmedia":[{"embeddable":true,"href":"https:\/\/elmetidosv.com\/index.php?rest_route=\/wp\/v2\/media\/10542"}],"wp:attachment":[{"href":"https:\/\/elmetidosv.com\/index.php?rest_route=%2Fwp%2Fv2%2Fmedia&parent=10539"}],"wp:term":[{"taxonomy":"category","embeddable":true,"href":"https:\/\/elmetidosv.com\/index.php?rest_route=%2Fwp%2Fv2%2Fcategories&post=10539"},{"taxonomy":"post_tag","embeddable":true,"href":"https:\/\/elmetidosv.com\/index.php?rest_route=%2Fwp%2Fv2%2Ftags&post=10539"}],"curies":[{"name":"wp","href":"https:\/\/api.w.org\/{rel}","templated":true}]}}