{"id":10462,"date":"2020-11-04T16:14:47","date_gmt":"2020-11-04T22:14:47","guid":{"rendered":"http:\/\/elmetidosve.com\/?p=10462"},"modified":"2020-11-04T16:14:54","modified_gmt":"2020-11-04T22:14:54","slug":"ministra-de-educacion-informa-que-de-no-reportarse-mayores-incidentes-por-tormenta-eta-las-clases-regresan-el-lunes-9","status":"publish","type":"post","link":"https:\/\/elmetidosv.com\/?p=10462","title":{"rendered":"Ministra de Educaci\u00f3n informa que de no reportarse mayores incidentes por tormenta ETA, las clases regresan el lunes 9"},"content":{"rendered":"\n<p>Los estudiantes del sector p\u00fablico y privado podr\u00edan reanudar las clases en modalidad en l\u00ednea, el pr\u00f3ximo lunes 9 de noviembre, asegur\u00f3 la ministra de Educaci\u00f3n, Carla Hanan\u00eda de Varela.<\/p>\n\n\n\n<p>Seg\u00fan explic\u00f3 la funcionaria, la decisi\u00f3n se dar\u00e1 siempre y cuando la tormenta Eta no reporte mayores incidentes en el territorio salvadore\u00f1o.<\/p>\n\n\n\n<p>Por el momento, las clases contin\u00faan suspendidas tanto para las escuelas p\u00fablicas y las entidades educativas privadas, as\u00ed como para la educaci\u00f3n superior.<\/p>\n\n\n\n<p>Es de recordar, que las autoridades suspendieron todo tipo de actividades acad\u00e9micas debido a las diferentes alertas decretadas en todo el pa\u00eds por el riesgo del hurac\u00e1n Eta, ahora tormenta tropical.<\/p>\n","protected":false},"excerpt":{"rendered":"<p>Los estudiantes del sector p\u00fablico y privado podr\u00edan reanudar las clases en modalidad en l\u00ednea, el pr\u00f3ximo lunes 9 de<\/p>\n","protected":false},"author":2,"featured_media":10463,"comment_status":"open","ping_status":"open","sticky":false,"template":"","format":"standard","meta":{"colormag_page_container_layout":"default_layout","colormag_page_sidebar_layout":"default_layout","footnotes":""},"categories":[1],"tags":[],"class_list":["post-10462","post","type-post","status-publish","format-standard","has-post-thumbnail","hentry","category-nacional"],"_links":{"self":[{"href":"https:\/\/elmetidosv.com\/index.php?rest_route=\/wp\/v2\/posts\/10462","targetHints":{"allow":["GET"]}}],"collection":[{"href":"https:\/\/elmetidosv.com\/index.php?rest_route=\/wp\/v2\/posts"}],"about":[{"href":"https:\/\/elmetidosv.com\/index.php?rest_route=\/wp\/v2\/types\/post"}],"author":[{"embeddable":true,"href":"https:\/\/elmetidosv.com\/index.php?rest_route=\/wp\/v2\/users\/2"}],"replies":[{"embeddable":true,"href":"https:\/\/elmetidosv.com\/index.php?rest_route=%2Fwp%2Fv2%2Fcomments&post=10462"}],"version-history":[{"count":1,"href":"https:\/\/elmetidosv.com\/index.php?rest_route=\/wp\/v2\/posts\/10462\/revisions"}],"predecessor-version":[{"id":10464,"href":"https:\/\/elmetidosv.com\/index.php?rest_route=\/wp\/v2\/posts\/10462\/revisions\/10464"}],"wp:featuredmedia":[{"embeddable":true,"href":"https:\/\/elmetidosv.com\/index.php?rest_route=\/wp\/v2\/media\/10463"}],"wp:attachment":[{"href":"https:\/\/elmetidosv.com\/index.php?rest_route=%2Fwp%2Fv2%2Fmedia&parent=10462"}],"wp:term":[{"taxonomy":"category","embeddable":true,"href":"https:\/\/elmetidosv.com\/index.php?rest_route=%2Fwp%2Fv2%2Fcategories&post=10462"},{"taxonomy":"post_tag","embeddable":true,"href":"https:\/\/elmetidosv.com\/index.php?rest_route=%2Fwp%2Fv2%2Ftags&post=10462"}],"curies":[{"name":"wp","href":"https:\/\/api.w.org\/{rel}","templated":true}]}}