{"id":10455,"date":"2020-11-04T15:49:54","date_gmt":"2020-11-04T21:49:54","guid":{"rendered":"http:\/\/elmetidosve.com\/?p=10455"},"modified":"2020-11-04T15:50:03","modified_gmt":"2020-11-04T21:50:03","slug":"fgr-informo-que-en-la-madrugada-capturaron-a-72-delincuentes-en-san-salvador","status":"publish","type":"post","link":"https:\/\/elmetidosv.com\/?p=10455","title":{"rendered":"FGR inform\u00f3 que en la madrugada capturaron a 72 delincuentes en San Salvador"},"content":{"rendered":"\n<figure class=\"wp-block-gallery columns-2 is-cropped wp-block-gallery-1 is-layout-flex wp-block-gallery-is-layout-flex\"><ul class=\"blocks-gallery-grid\"><li class=\"blocks-gallery-item\"><figure><img loading=\"lazy\" decoding=\"async\" width=\"680\" height=\"453\" src=\"http:\/\/elmetidosve.com\/wp-content\/uploads\/2020\/11\/0000-17.jpg\" alt=\"\" data-id=\"10456\" data-link=\"http:\/\/elmetidosve.com\/?attachment_id=10456\" class=\"wp-image-10456\" srcset=\"https:\/\/elmetidosv.com\/wp-content\/uploads\/2020\/11\/0000-17.jpg 680w, https:\/\/elmetidosv.com\/wp-content\/uploads\/2020\/11\/0000-17-300x200.jpg 300w\" sizes=\"auto, (max-width: 680px) 100vw, 680px\" \/><\/figure><\/li><li class=\"blocks-gallery-item\"><figure><img loading=\"lazy\" decoding=\"async\" width=\"680\" height=\"453\" src=\"http:\/\/elmetidosve.com\/wp-content\/uploads\/2020\/11\/000-8.jpg\" alt=\"\" data-id=\"10457\" data-full-url=\"http:\/\/elmetidosve.com\/wp-content\/uploads\/2020\/11\/000-8.jpg\" data-link=\"http:\/\/elmetidosve.com\/?attachment_id=10457\" class=\"wp-image-10457\" srcset=\"https:\/\/elmetidosv.com\/wp-content\/uploads\/2020\/11\/000-8.jpg 680w, https:\/\/elmetidosv.com\/wp-content\/uploads\/2020\/11\/000-8-300x200.jpg 300w\" sizes=\"auto, (max-width: 680px) 100vw, 680px\" \/><\/figure><\/li><\/ul><\/figure>\n\n\n\n<p>La Fiscal\u00eda General de la Rep\u00fablica (FGR), inform\u00f3 que en la madrugada de este mi\u00e9rcoles, se logr\u00f3 la detenci\u00f3n de 23 sujetos acusados de cometer varios delitos.<\/p>\n\n\n\n<p>Mediante un operativo de intervenci\u00f3n r\u00e1pida, llamado \u201cTormenta\u201d, tambi\u00e9n se logr\u00f3 la intimaci\u00f3n de 27 delincuentes.<\/p>\n\n\n\n<p>Tras el allanamientos en 35 viviendas, se incautaron $6,500, dos veh\u00edculos, dos motocicletas, seis tel\u00e9fonos y un arma, confirmaron fuentes oficiales.<\/p>\n\n\n\n<p>Los miembros de pandillas operaban en el sector de mercado Tinetti, excine Avenida, alameda Juan Pablo II, comunidad San Francisco de As\u00eds y calle Castillo, en San Salvador.<\/p>\n","protected":false},"excerpt":{"rendered":"<p>La Fiscal\u00eda General de la Rep\u00fablica (FGR), inform\u00f3 que en la madrugada de este mi\u00e9rcoles, se logr\u00f3 la detenci\u00f3n de<\/p>\n","protected":false},"author":2,"featured_media":10457,"comment_status":"open","ping_status":"open","sticky":false,"template":"","format":"standard","meta":{"colormag_page_container_layout":"default_layout","colormag_page_sidebar_layout":"default_layout","footnotes":""},"categories":[1],"tags":[],"class_list":["post-10455","post","type-post","status-publish","format-standard","has-post-thumbnail","hentry","category-nacional"],"_links":{"self":[{"href":"https:\/\/elmetidosv.com\/index.php?rest_route=\/wp\/v2\/posts\/10455","targetHints":{"allow":["GET"]}}],"collection":[{"href":"https:\/\/elmetidosv.com\/index.php?rest_route=\/wp\/v2\/posts"}],"about":[{"href":"https:\/\/elmetidosv.com\/index.php?rest_route=\/wp\/v2\/types\/post"}],"author":[{"embeddable":true,"href":"https:\/\/elmetidosv.com\/index.php?rest_route=\/wp\/v2\/users\/2"}],"replies":[{"embeddable":true,"href":"https:\/\/elmetidosv.com\/index.php?rest_route=%2Fwp%2Fv2%2Fcomments&post=10455"}],"version-history":[{"count":1,"href":"https:\/\/elmetidosv.com\/index.php?rest_route=\/wp\/v2\/posts\/10455\/revisions"}],"predecessor-version":[{"id":10458,"href":"https:\/\/elmetidosv.com\/index.php?rest_route=\/wp\/v2\/posts\/10455\/revisions\/10458"}],"wp:featuredmedia":[{"embeddable":true,"href":"https:\/\/elmetidosv.com\/index.php?rest_route=\/wp\/v2\/media\/10457"}],"wp:attachment":[{"href":"https:\/\/elmetidosv.com\/index.php?rest_route=%2Fwp%2Fv2%2Fmedia&parent=10455"}],"wp:term":[{"taxonomy":"category","embeddable":true,"href":"https:\/\/elmetidosv.com\/index.php?rest_route=%2Fwp%2Fv2%2Fcategories&post=10455"},{"taxonomy":"post_tag","embeddable":true,"href":"https:\/\/elmetidosv.com\/index.php?rest_route=%2Fwp%2Fv2%2Ftags&post=10455"}],"curies":[{"name":"wp","href":"https:\/\/api.w.org\/{rel}","templated":true}]}}