{"id":10436,"date":"2020-11-03T18:01:48","date_gmt":"2020-11-04T00:01:48","guid":{"rendered":"http:\/\/elmetidosve.com\/?p=10436"},"modified":"2020-11-03T18:01:56","modified_gmt":"2020-11-04T00:01:56","slug":"un-hombre-perdio-la-vida-esta-tarde-de-martes-tras-ser-atropellado-en-troncal-del-norte","status":"publish","type":"post","link":"https:\/\/elmetidosv.com\/?p=10436","title":{"rendered":"Un hombre perdi\u00f3 la vida esta tarde de martes tras ser atropellado en Troncal del Norte"},"content":{"rendered":"\n<p>Un hombre perdi\u00f3 la vida esta tarde de martes en el kil\u00f3metro 32 de la carretera Troncal del Norte, en la jurisdicci\u00f3n del municipio de Aguilares, al norte de San Salvador.<\/p>\n\n\n\n<p>Socorristas se hicieron presentes al sector para auxiliar a la v\u00edctima, luego de ser alertados por unidades del sistema de emergencias 911 de la Polic\u00eda Nacional Civil (PNC). Sin embargo, el hombre ya no presentaba signos vitales.<\/p>\n\n\n\n<p>La v\u00edctima, de aproximadamente 40 a\u00f1os presentaba traumas severos en diferentes partes del cuerpo, afirm\u00f3 una fuente de Cruz Roja Salvadore\u00f1a (CRS).<\/p>\n\n\n\n<p>Testigos afirmaron a la Polic\u00eda que la v\u00edctima, al parecer, se encontraba bajo los efectos de bebidas, lo que habr\u00eda causado que este se cruzara en la carretera en medio del tr\u00e1fico.<\/p>\n\n\n\n<p>En el percance se vio involucrado una unidad del transporte colectivo, el cual habr\u00eda impactado fuertemente al hombre de quien no se ha brindado identidad hasta el momento.<\/p>\n","protected":false},"excerpt":{"rendered":"<p>Un hombre perdi\u00f3 la vida esta tarde de martes en el kil\u00f3metro 32 de la carretera Troncal del Norte, en<\/p>\n","protected":false},"author":2,"featured_media":10437,"comment_status":"open","ping_status":"open","sticky":false,"template":"","format":"standard","meta":{"colormag_page_container_layout":"default_layout","colormag_page_sidebar_layout":"default_layout","footnotes":""},"categories":[1],"tags":[],"class_list":["post-10436","post","type-post","status-publish","format-standard","has-post-thumbnail","hentry","category-nacional"],"_links":{"self":[{"href":"https:\/\/elmetidosv.com\/index.php?rest_route=\/wp\/v2\/posts\/10436","targetHints":{"allow":["GET"]}}],"collection":[{"href":"https:\/\/elmetidosv.com\/index.php?rest_route=\/wp\/v2\/posts"}],"about":[{"href":"https:\/\/elmetidosv.com\/index.php?rest_route=\/wp\/v2\/types\/post"}],"author":[{"embeddable":true,"href":"https:\/\/elmetidosv.com\/index.php?rest_route=\/wp\/v2\/users\/2"}],"replies":[{"embeddable":true,"href":"https:\/\/elmetidosv.com\/index.php?rest_route=%2Fwp%2Fv2%2Fcomments&post=10436"}],"version-history":[{"count":1,"href":"https:\/\/elmetidosv.com\/index.php?rest_route=\/wp\/v2\/posts\/10436\/revisions"}],"predecessor-version":[{"id":10438,"href":"https:\/\/elmetidosv.com\/index.php?rest_route=\/wp\/v2\/posts\/10436\/revisions\/10438"}],"wp:featuredmedia":[{"embeddable":true,"href":"https:\/\/elmetidosv.com\/index.php?rest_route=\/wp\/v2\/media\/10437"}],"wp:attachment":[{"href":"https:\/\/elmetidosv.com\/index.php?rest_route=%2Fwp%2Fv2%2Fmedia&parent=10436"}],"wp:term":[{"taxonomy":"category","embeddable":true,"href":"https:\/\/elmetidosv.com\/index.php?rest_route=%2Fwp%2Fv2%2Fcategories&post=10436"},{"taxonomy":"post_tag","embeddable":true,"href":"https:\/\/elmetidosv.com\/index.php?rest_route=%2Fwp%2Fv2%2Ftags&post=10436"}],"curies":[{"name":"wp","href":"https:\/\/api.w.org\/{rel}","templated":true}]}}