{"id":10429,"date":"2020-11-03T17:49:51","date_gmt":"2020-11-03T23:49:51","guid":{"rendered":"http:\/\/elmetidosve.com\/?p=10429"},"modified":"2020-11-03T17:50:00","modified_gmt":"2020-11-03T23:50:00","slug":"privados-de-libertad-trabajan-para-adecuar-albergues-ante-la-llegada-del-huracan-eta","status":"publish","type":"post","link":"https:\/\/elmetidosv.com\/?p=10429","title":{"rendered":"Privados de libertad trabajan para adecuar albergues ante la llegada del hurac\u00e1n Eta"},"content":{"rendered":"\n<figure class=\"wp-block-gallery columns-2 is-cropped wp-block-gallery-1 is-layout-flex wp-block-gallery-is-layout-flex\"><ul class=\"blocks-gallery-grid\"><li class=\"blocks-gallery-item\"><figure><img loading=\"lazy\" decoding=\"async\" width=\"1024\" height=\"683\" src=\"http:\/\/elmetidosve.com\/wp-content\/uploads\/2020\/11\/0000-13.jpg\" alt=\"\" data-id=\"10430\" data-link=\"http:\/\/elmetidosve.com\/?attachment_id=10430\" class=\"wp-image-10430\" srcset=\"https:\/\/elmetidosv.com\/wp-content\/uploads\/2020\/11\/0000-13.jpg 1024w, https:\/\/elmetidosv.com\/wp-content\/uploads\/2020\/11\/0000-13-300x200.jpg 300w, https:\/\/elmetidosv.com\/wp-content\/uploads\/2020\/11\/0000-13-768x512.jpg 768w\" sizes=\"auto, (max-width: 1024px) 100vw, 1024px\" \/><\/figure><\/li><li class=\"blocks-gallery-item\"><figure><img loading=\"lazy\" decoding=\"async\" width=\"1024\" height=\"683\" src=\"http:\/\/elmetidosve.com\/wp-content\/uploads\/2020\/11\/000-5-1024x683.jpg\" alt=\"\" data-id=\"10431\" data-full-url=\"http:\/\/elmetidosve.com\/wp-content\/uploads\/2020\/11\/000-5.jpg\" data-link=\"http:\/\/elmetidosve.com\/?attachment_id=10431\" class=\"wp-image-10431\" srcset=\"https:\/\/elmetidosv.com\/wp-content\/uploads\/2020\/11\/000-5-1024x683.jpg 1024w, https:\/\/elmetidosv.com\/wp-content\/uploads\/2020\/11\/000-5-300x200.jpg 300w, https:\/\/elmetidosv.com\/wp-content\/uploads\/2020\/11\/000-5-768x512.jpg 768w, https:\/\/elmetidosv.com\/wp-content\/uploads\/2020\/11\/000-5.jpg 1152w\" sizes=\"auto, (max-width: 1024px) 100vw, 1024px\" \/><\/figure><\/li><\/ul><\/figure>\n\n\n\n<p>La Direcci\u00f3n General de Centros Penales, en cumplimento con la orden del Presidente Nayib Bukele, ha desplegado a privados de libertad en fase de confianza para trabajar en la adecuaci\u00f3n y log\u00edstica de los albergues habilitados a familias que residen en alto riesgo ante la llegada del hurac\u00e1n Eta.<\/p>\n\n\n\n<p>Los reos en proceso de reinserci\u00f3n se dedican a la limpieza, traslado de colchonetas, alimentos y todo lo necesario en operatividad de los diferentes espacios que est\u00e1n siendo habilitados como albergues en todo el pa\u00eds durante la emergencia por las lluvias.<\/p>\n\n\n\n<p>\u201cEl objetivo es apoyar a las personas que viven en zonas vulnerables durante la emergencia por el hurac\u00e1n Eta, como parte del Plan Cero Ocio\u201d, dijo el director general de Centros Penales, Osiris Luna.<\/p>\n\n\n\n<p>Con este plan se busca crear h\u00e1bitos laborales en los reclusos, promover la solidaridad con las comunidades y fomentar acciones que vayan en beneficio de la sociedad, como una manera de resarcir los da\u00f1os causados en el pasado.<\/p>\n\n\n\n<p>Los reos se dedican desde muy temprano a la limpieza y ornato de los espacios donde se espera recibir a familias que residen en zonas vulnerables ante las inminentes lluvias.<\/p>\n\n\n\n<p>La participaci\u00f3n de los privados de libertad ha sido permanente tambi\u00e9n durante la emergencia causada por el deslave que afect\u00f3 a varias comunidades del municipio de Nejapa.<\/p>\n","protected":false},"excerpt":{"rendered":"<p>La Direcci\u00f3n General de Centros Penales, en cumplimento con la orden del Presidente Nayib Bukele, ha desplegado a privados de<\/p>\n","protected":false},"author":2,"featured_media":10430,"comment_status":"open","ping_status":"open","sticky":false,"template":"","format":"standard","meta":{"colormag_page_container_layout":"default_layout","colormag_page_sidebar_layout":"default_layout","footnotes":""},"categories":[1],"tags":[],"class_list":["post-10429","post","type-post","status-publish","format-standard","has-post-thumbnail","hentry","category-nacional"],"_links":{"self":[{"href":"https:\/\/elmetidosv.com\/index.php?rest_route=\/wp\/v2\/posts\/10429","targetHints":{"allow":["GET"]}}],"collection":[{"href":"https:\/\/elmetidosv.com\/index.php?rest_route=\/wp\/v2\/posts"}],"about":[{"href":"https:\/\/elmetidosv.com\/index.php?rest_route=\/wp\/v2\/types\/post"}],"author":[{"embeddable":true,"href":"https:\/\/elmetidosv.com\/index.php?rest_route=\/wp\/v2\/users\/2"}],"replies":[{"embeddable":true,"href":"https:\/\/elmetidosv.com\/index.php?rest_route=%2Fwp%2Fv2%2Fcomments&post=10429"}],"version-history":[{"count":1,"href":"https:\/\/elmetidosv.com\/index.php?rest_route=\/wp\/v2\/posts\/10429\/revisions"}],"predecessor-version":[{"id":10432,"href":"https:\/\/elmetidosv.com\/index.php?rest_route=\/wp\/v2\/posts\/10429\/revisions\/10432"}],"wp:featuredmedia":[{"embeddable":true,"href":"https:\/\/elmetidosv.com\/index.php?rest_route=\/wp\/v2\/media\/10430"}],"wp:attachment":[{"href":"https:\/\/elmetidosv.com\/index.php?rest_route=%2Fwp%2Fv2%2Fmedia&parent=10429"}],"wp:term":[{"taxonomy":"category","embeddable":true,"href":"https:\/\/elmetidosv.com\/index.php?rest_route=%2Fwp%2Fv2%2Fcategories&post=10429"},{"taxonomy":"post_tag","embeddable":true,"href":"https:\/\/elmetidosv.com\/index.php?rest_route=%2Fwp%2Fv2%2Ftags&post=10429"}],"curies":[{"name":"wp","href":"https:\/\/api.w.org\/{rel}","templated":true}]}}