{"id":10419,"date":"2020-11-03T13:27:34","date_gmt":"2020-11-03T19:27:34","guid":{"rendered":"http:\/\/elmetidosve.com\/?p=10419"},"modified":"2020-11-03T13:27:43","modified_gmt":"2020-11-03T19:27:43","slug":"verifican-que-establecimientos-no-alteren-precios-de-los-productos-ante-alerta-roja-decretada","status":"publish","type":"post","link":"https:\/\/elmetidosv.com\/?p=10419","title":{"rendered":"Verifican que establecimientos no alteren precios de los productos ante Alerta Roja decretada"},"content":{"rendered":"\n<p>Ante la alerta roja emitida por la Comisi\u00f3n Nacional de Protecci\u00f3n Civil, por el hurac\u00e1n Eta, la Defensor\u00eda del Consumidor activ\u00f3 una serie de inspecciones para verificar precios y garantizar el abastecimiento de productos.<\/p>\n\n\n\n<p>La inspecci\u00f3n fue encabezada por el presidente de la Defensor\u00eda, Ricardo Salazar, quien asegur\u00f3 que se pretende verificar el precio de los productos de primera necesidad. \u201cEstamos hablando de canasta b\u00e1sica, alimentos y otros productos de higiene personal\u201d, dijo Salazar ante los medios de comunicaci\u00f3n.<\/p>\n\n\n\n<p>Adem\u00e1s, destac\u00f3 que la actividad incluye la verificaci\u00f3n en mercados, farmacias y tiendas mayoristas, en los cuales se busca evitar especulaci\u00f3n de precios por la alta demanda que se podr\u00eda generar.<\/p>\n\n\n\n<p>\u201cEs importante recordar que la Ley de Protecci\u00f3n al Consumidor tiene considerada una infracci\u00f3n para este tipo de hechos (pr\u00e1cticas abusivas) que puede llegar a una multa de 500 salarios m\u00ednimos\u201d, recalc\u00f3 el titular de la Defensor\u00eda.<\/p>\n\n\n\n<p>\u201cTenemos entendido que las cadenas de supermercados establecer\u00e1n un tipo de restricciones a la compra de productos para garantizar el acceso a estos\u201d, aclar\u00f3.<\/p>\n\n\n\n<p>Ante cualquier denuncia, las autoridades ponen a disposici\u00f3n de la poblaci\u00f3n el n\u00famero de WhatsApp, 7860-9704, adem\u00e1s del tel\u00e9fono de la Defensor\u00eda del Consumidor, 910.<\/p>\n","protected":false},"excerpt":{"rendered":"<p>Ante la alerta roja emitida por la Comisi\u00f3n Nacional de Protecci\u00f3n Civil, por el hurac\u00e1n Eta, la Defensor\u00eda del Consumidor<\/p>\n","protected":false},"author":2,"featured_media":10420,"comment_status":"open","ping_status":"open","sticky":false,"template":"","format":"standard","meta":{"colormag_page_container_layout":"default_layout","colormag_page_sidebar_layout":"default_layout","footnotes":""},"categories":[1],"tags":[],"class_list":["post-10419","post","type-post","status-publish","format-standard","has-post-thumbnail","hentry","category-nacional"],"_links":{"self":[{"href":"https:\/\/elmetidosv.com\/index.php?rest_route=\/wp\/v2\/posts\/10419","targetHints":{"allow":["GET"]}}],"collection":[{"href":"https:\/\/elmetidosv.com\/index.php?rest_route=\/wp\/v2\/posts"}],"about":[{"href":"https:\/\/elmetidosv.com\/index.php?rest_route=\/wp\/v2\/types\/post"}],"author":[{"embeddable":true,"href":"https:\/\/elmetidosv.com\/index.php?rest_route=\/wp\/v2\/users\/2"}],"replies":[{"embeddable":true,"href":"https:\/\/elmetidosv.com\/index.php?rest_route=%2Fwp%2Fv2%2Fcomments&post=10419"}],"version-history":[{"count":1,"href":"https:\/\/elmetidosv.com\/index.php?rest_route=\/wp\/v2\/posts\/10419\/revisions"}],"predecessor-version":[{"id":10421,"href":"https:\/\/elmetidosv.com\/index.php?rest_route=\/wp\/v2\/posts\/10419\/revisions\/10421"}],"wp:featuredmedia":[{"embeddable":true,"href":"https:\/\/elmetidosv.com\/index.php?rest_route=\/wp\/v2\/media\/10420"}],"wp:attachment":[{"href":"https:\/\/elmetidosv.com\/index.php?rest_route=%2Fwp%2Fv2%2Fmedia&parent=10419"}],"wp:term":[{"taxonomy":"category","embeddable":true,"href":"https:\/\/elmetidosv.com\/index.php?rest_route=%2Fwp%2Fv2%2Fcategories&post=10419"},{"taxonomy":"post_tag","embeddable":true,"href":"https:\/\/elmetidosv.com\/index.php?rest_route=%2Fwp%2Fv2%2Ftags&post=10419"}],"curies":[{"name":"wp","href":"https:\/\/api.w.org\/{rel}","templated":true}]}}