{"id":10402,"date":"2020-11-03T12:50:17","date_gmt":"2020-11-03T18:50:17","guid":{"rendered":"http:\/\/elmetidosve.com\/?p=10402"},"modified":"2020-11-03T12:50:25","modified_gmt":"2020-11-03T18:50:25","slug":"realizan-evacuaciones-preventivas-la-madrugada-de-este-martes-ante-riesgos-generados-por-eta","status":"publish","type":"post","link":"https:\/\/elmetidosv.com\/?p=10402","title":{"rendered":"Realizan evacuaciones preventivas la madrugada de este martes ante riesgos generados por \u2018Eta\u2019"},"content":{"rendered":"\n<figure class=\"wp-block-gallery columns-3 is-cropped wp-block-gallery-1 is-layout-flex wp-block-gallery-is-layout-flex\"><ul class=\"blocks-gallery-grid\"><li class=\"blocks-gallery-item\"><figure><img loading=\"lazy\" decoding=\"async\" width=\"360\" height=\"240\" src=\"http:\/\/elmetidosve.com\/wp-content\/uploads\/2020\/11\/0000-7.jpg\" alt=\"\" data-id=\"10403\" data-link=\"http:\/\/elmetidosve.com\/?attachment_id=10403\" class=\"wp-image-10403\" srcset=\"https:\/\/elmetidosv.com\/wp-content\/uploads\/2020\/11\/0000-7.jpg 360w, https:\/\/elmetidosv.com\/wp-content\/uploads\/2020\/11\/0000-7-300x200.jpg 300w\" sizes=\"auto, (max-width: 360px) 100vw, 360px\" \/><\/figure><\/li><li class=\"blocks-gallery-item\"><figure><img loading=\"lazy\" decoding=\"async\" width=\"360\" height=\"240\" src=\"http:\/\/elmetidosve.com\/wp-content\/uploads\/2020\/11\/000-2.jpg\" alt=\"\" data-id=\"10404\" data-link=\"http:\/\/elmetidosve.com\/?attachment_id=10404\" class=\"wp-image-10404\" srcset=\"https:\/\/elmetidosv.com\/wp-content\/uploads\/2020\/11\/000-2.jpg 360w, https:\/\/elmetidosv.com\/wp-content\/uploads\/2020\/11\/000-2-300x200.jpg 300w\" sizes=\"auto, (max-width: 360px) 100vw, 360px\" \/><\/figure><\/li><li class=\"blocks-gallery-item\"><figure><img loading=\"lazy\" decoding=\"async\" width=\"360\" height=\"240\" src=\"http:\/\/elmetidosve.com\/wp-content\/uploads\/2020\/11\/1-1.jpg\" alt=\"\" data-id=\"10406\" data-full-url=\"http:\/\/elmetidosve.com\/wp-content\/uploads\/2020\/11\/1-1.jpg\" data-link=\"http:\/\/elmetidosve.com\/?attachment_id=10406\" class=\"wp-image-10406\" srcset=\"https:\/\/elmetidosv.com\/wp-content\/uploads\/2020\/11\/1-1.jpg 360w, https:\/\/elmetidosv.com\/wp-content\/uploads\/2020\/11\/1-1-300x200.jpg 300w\" sizes=\"auto, (max-width: 360px) 100vw, 360px\" \/><\/figure><\/li><\/ul><\/figure>\n\n\n\n<p>El Gobierno comenz\u00f3 a realizar evacuaciones preventivas, la madrugada de este martes, ante el riesgo que viven estas personas a ra\u00edz del hurac\u00e1n \u2018Eta\u2019.<\/p>\n\n\n\n<p>Autoridades detallaron que las primeras evacuaciones tuvieron lugar en el sector del caser\u00edo Santa Marta, en el cant\u00f3n Las Mesas, en Tecoluca, departamento de San Vicente.<\/p>\n\n\n\n<p>Seg\u00fan el informe, por la vulnerabilidad del sector, hay un albergue funcionando en la zona del bajo Lempa, en San Vicente.<\/p>\n\n\n\n<p>\u201cAl mediod\u00eda (de este martes) tendremos datos consolidados de las personas que han sido evacuadas\u201d, dijo la comisionada presidencial, Carolina Bernal.<\/p>\n\n\n\n<p>De acuerdo con la funcionaria, este martes diferentes instituciones se van a dedicar a realizar evacuaciones preventivas.<\/p>\n","protected":false},"excerpt":{"rendered":"<p>El Gobierno comenz\u00f3 a realizar evacuaciones preventivas, la madrugada de este martes, ante el riesgo que viven estas personas a<\/p>\n","protected":false},"author":2,"featured_media":10403,"comment_status":"open","ping_status":"open","sticky":false,"template":"","format":"standard","meta":{"colormag_page_container_layout":"default_layout","colormag_page_sidebar_layout":"default_layout","footnotes":""},"categories":[1],"tags":[],"class_list":["post-10402","post","type-post","status-publish","format-standard","has-post-thumbnail","hentry","category-nacional"],"_links":{"self":[{"href":"https:\/\/elmetidosv.com\/index.php?rest_route=\/wp\/v2\/posts\/10402","targetHints":{"allow":["GET"]}}],"collection":[{"href":"https:\/\/elmetidosv.com\/index.php?rest_route=\/wp\/v2\/posts"}],"about":[{"href":"https:\/\/elmetidosv.com\/index.php?rest_route=\/wp\/v2\/types\/post"}],"author":[{"embeddable":true,"href":"https:\/\/elmetidosv.com\/index.php?rest_route=\/wp\/v2\/users\/2"}],"replies":[{"embeddable":true,"href":"https:\/\/elmetidosv.com\/index.php?rest_route=%2Fwp%2Fv2%2Fcomments&post=10402"}],"version-history":[{"count":1,"href":"https:\/\/elmetidosv.com\/index.php?rest_route=\/wp\/v2\/posts\/10402\/revisions"}],"predecessor-version":[{"id":10407,"href":"https:\/\/elmetidosv.com\/index.php?rest_route=\/wp\/v2\/posts\/10402\/revisions\/10407"}],"wp:featuredmedia":[{"embeddable":true,"href":"https:\/\/elmetidosv.com\/index.php?rest_route=\/wp\/v2\/media\/10403"}],"wp:attachment":[{"href":"https:\/\/elmetidosv.com\/index.php?rest_route=%2Fwp%2Fv2%2Fmedia&parent=10402"}],"wp:term":[{"taxonomy":"category","embeddable":true,"href":"https:\/\/elmetidosv.com\/index.php?rest_route=%2Fwp%2Fv2%2Fcategories&post=10402"},{"taxonomy":"post_tag","embeddable":true,"href":"https:\/\/elmetidosv.com\/index.php?rest_route=%2Fwp%2Fv2%2Ftags&post=10402"}],"curies":[{"name":"wp","href":"https:\/\/api.w.org\/{rel}","templated":true}]}}