{"id":1038,"date":"2020-03-24T18:26:06","date_gmt":"2020-03-25T00:26:06","guid":{"rendered":"http:\/\/elmetidosve.com\/?p=1038"},"modified":"2020-03-24T18:26:40","modified_gmt":"2020-03-25T00:26:40","slug":"vmt-aclara-cuantas-personas-pueden-viajar-en-un-vehiculo-durante-la-cuarentena","status":"publish","type":"post","link":"https:\/\/elmetidosv.com\/?p=1038","title":{"rendered":"VMT aclara cu\u00e1ntas personas pueden viajar en un veh\u00edculo durante la cuarentena"},"content":{"rendered":"\n<p>El Viceminsiterio de Transporte (VMT) aclar\u00f3, este martes, cu\u00e1ntas personas pueden viajar en un veh\u00edculo particular durante la cuarentena decretada por el presidente de la Rep\u00fablica, Nayib Bukele, para evitar la propagaci\u00f3n del COVID-19.<\/p>\n\n\n\n<p>El viceministerio ha aclarado que solo una persona se puede transportar en el veh\u00edculo, pero pueden llegar a ser dos personas \u00fanicamente si el acompa\u00f1ante es una de estas personas:<\/p>\n\n\n\n<p>-Persona vulnerable al COVID-19.<\/p>\n\n\n\n<p>-Persona con discapacidad<\/p>\n\n\n\n<p>-Mujer embarazada en labor de parto<\/p>\n\n\n\n<p>-Persona con enfermedad cr\u00f3nica en peligro de muerte<\/p>\n\n\n\n<p>-Menor de edad o adulto mayor y cuando la persona que deba ser trasladada de forma, sea incapaz de conducir dicho veh\u00edculo.<\/p>\n\n\n\n<p>-Motoristas cuyo trabajo sea el de transportar a personas facultadas para movilizarse en raz\u00f3n de sus funciones conforme normativa vigente y en el caso de que, tanto el conductor como el pasajero, sean personas autorizadas para trasladarse.<\/p>\n","protected":false},"excerpt":{"rendered":"<p>El Viceminsiterio de Transporte (VMT) aclar\u00f3, este martes, cu\u00e1ntas personas pueden viajar en un veh\u00edculo particular durante la cuarentena decretada<\/p>\n","protected":false},"author":1,"featured_media":1039,"comment_status":"open","ping_status":"open","sticky":false,"template":"","format":"standard","meta":{"colormag_page_container_layout":"default_layout","colormag_page_sidebar_layout":"default_layout","footnotes":""},"categories":[1],"tags":[],"class_list":["post-1038","post","type-post","status-publish","format-standard","has-post-thumbnail","hentry","category-nacional"],"_links":{"self":[{"href":"https:\/\/elmetidosv.com\/index.php?rest_route=\/wp\/v2\/posts\/1038","targetHints":{"allow":["GET"]}}],"collection":[{"href":"https:\/\/elmetidosv.com\/index.php?rest_route=\/wp\/v2\/posts"}],"about":[{"href":"https:\/\/elmetidosv.com\/index.php?rest_route=\/wp\/v2\/types\/post"}],"author":[{"embeddable":true,"href":"https:\/\/elmetidosv.com\/index.php?rest_route=\/wp\/v2\/users\/1"}],"replies":[{"embeddable":true,"href":"https:\/\/elmetidosv.com\/index.php?rest_route=%2Fwp%2Fv2%2Fcomments&post=1038"}],"version-history":[{"count":1,"href":"https:\/\/elmetidosv.com\/index.php?rest_route=\/wp\/v2\/posts\/1038\/revisions"}],"predecessor-version":[{"id":1040,"href":"https:\/\/elmetidosv.com\/index.php?rest_route=\/wp\/v2\/posts\/1038\/revisions\/1040"}],"wp:featuredmedia":[{"embeddable":true,"href":"https:\/\/elmetidosv.com\/index.php?rest_route=\/wp\/v2\/media\/1039"}],"wp:attachment":[{"href":"https:\/\/elmetidosv.com\/index.php?rest_route=%2Fwp%2Fv2%2Fmedia&parent=1038"}],"wp:term":[{"taxonomy":"category","embeddable":true,"href":"https:\/\/elmetidosv.com\/index.php?rest_route=%2Fwp%2Fv2%2Fcategories&post=1038"},{"taxonomy":"post_tag","embeddable":true,"href":"https:\/\/elmetidosv.com\/index.php?rest_route=%2Fwp%2Fv2%2Ftags&post=1038"}],"curies":[{"name":"wp","href":"https:\/\/api.w.org\/{rel}","templated":true}]}}