{"id":10334,"date":"2020-10-30T17:13:54","date_gmt":"2020-10-30T23:13:54","guid":{"rendered":"http:\/\/elmetidosve.com\/?p=10334"},"modified":"2020-10-30T17:14:02","modified_gmt":"2020-10-30T23:14:02","slug":"reportan-tragico-accidente-de-transito-en-carretera-hacia-el-municipio-de-san-jorge-san-miguel","status":"publish","type":"post","link":"https:\/\/elmetidosv.com\/?p=10334","title":{"rendered":"Reportan tr\u00e1gico accidente de tr\u00e1nsito en carretera hacia el municipio de San Jorge, San Miguel"},"content":{"rendered":"\n<p>Una persona perdi\u00f3 la vida esta tarde de viernes, tras fuerte accidente de tr\u00e1nsito que se registr\u00f3 sobre la  calle que de San Jorge conduce al desv\u00edo de Feble del Cant\u00f3n Las Moritas, del municipio de San Jorge, San Miguel.<\/p>\n\n\n\n<p>De momento se espera que las autoridades de la Polic\u00eda Nacional Civil (PNC), realicen las investigaciones pertinentes y deduzcan las causas principales del percance vial.<\/p>\n\n\n\n<p>Tras el fuerte impacto, en el lugar ha quedado un veh\u00edculo volcado y el hombre sin vida, de quien por el momento las autoridades no han brindado su identidad. Asimismo, se desconoce si hay otras personas lesionadas.<\/p>\n\n\n\n<p>Adem\u00e1s, las autoridades  no detallan sobre las causas principales del lamentable hecho, aunque no descartan que sea producto de la excesiva velocidad.<\/p>\n\n\n\n<p>Mientras tanto, se espera a que personal del Instituto de Medicina Legal (IML), realicen el reconocimiento del cuerpo. Informaci\u00f3n en desarrollo.  <\/p>\n","protected":false},"excerpt":{"rendered":"<p>Una persona perdi\u00f3 la vida esta tarde de viernes, tras fuerte accidente de tr\u00e1nsito que se registr\u00f3 sobre la calle<\/p>\n","protected":false},"author":2,"featured_media":10335,"comment_status":"open","ping_status":"open","sticky":false,"template":"","format":"standard","meta":{"colormag_page_container_layout":"default_layout","colormag_page_sidebar_layout":"default_layout","footnotes":""},"categories":[1],"tags":[],"class_list":["post-10334","post","type-post","status-publish","format-standard","has-post-thumbnail","hentry","category-nacional"],"_links":{"self":[{"href":"https:\/\/elmetidosv.com\/index.php?rest_route=\/wp\/v2\/posts\/10334","targetHints":{"allow":["GET"]}}],"collection":[{"href":"https:\/\/elmetidosv.com\/index.php?rest_route=\/wp\/v2\/posts"}],"about":[{"href":"https:\/\/elmetidosv.com\/index.php?rest_route=\/wp\/v2\/types\/post"}],"author":[{"embeddable":true,"href":"https:\/\/elmetidosv.com\/index.php?rest_route=\/wp\/v2\/users\/2"}],"replies":[{"embeddable":true,"href":"https:\/\/elmetidosv.com\/index.php?rest_route=%2Fwp%2Fv2%2Fcomments&post=10334"}],"version-history":[{"count":1,"href":"https:\/\/elmetidosv.com\/index.php?rest_route=\/wp\/v2\/posts\/10334\/revisions"}],"predecessor-version":[{"id":10336,"href":"https:\/\/elmetidosv.com\/index.php?rest_route=\/wp\/v2\/posts\/10334\/revisions\/10336"}],"wp:featuredmedia":[{"embeddable":true,"href":"https:\/\/elmetidosv.com\/index.php?rest_route=\/wp\/v2\/media\/10335"}],"wp:attachment":[{"href":"https:\/\/elmetidosv.com\/index.php?rest_route=%2Fwp%2Fv2%2Fmedia&parent=10334"}],"wp:term":[{"taxonomy":"category","embeddable":true,"href":"https:\/\/elmetidosv.com\/index.php?rest_route=%2Fwp%2Fv2%2Fcategories&post=10334"},{"taxonomy":"post_tag","embeddable":true,"href":"https:\/\/elmetidosv.com\/index.php?rest_route=%2Fwp%2Fv2%2Ftags&post=10334"}],"curies":[{"name":"wp","href":"https:\/\/api.w.org\/{rel}","templated":true}]}}