{"id":10295,"date":"2020-10-30T14:36:27","date_gmt":"2020-10-30T20:36:27","guid":{"rendered":"http:\/\/elmetidosve.com\/?p=10295"},"modified":"2020-10-30T14:36:35","modified_gmt":"2020-10-30T20:36:35","slug":"ministerio-de-educacion-entrega-laptops-a-maestros-de-usulutan-capacitados-en-google-classroom","status":"publish","type":"post","link":"https:\/\/elmetidosv.com\/?p=10295","title":{"rendered":"Ministerio de Educaci\u00f3n entrega laptops a maestros de Usulut\u00e1n capacitados en Google Classroom"},"content":{"rendered":"\n<figure class=\"wp-block-gallery columns-2 is-cropped wp-block-gallery-1 is-layout-flex wp-block-gallery-is-layout-flex\"><ul class=\"blocks-gallery-grid\"><li class=\"blocks-gallery-item\"><figure><img loading=\"lazy\" decoding=\"async\" width=\"360\" height=\"170\" src=\"http:\/\/elmetidosve.com\/wp-content\/uploads\/2020\/10\/0000-265.jpg\" alt=\"\" data-id=\"10296\" data-full-url=\"http:\/\/elmetidosve.com\/wp-content\/uploads\/2020\/10\/0000-265.jpg\" data-link=\"http:\/\/elmetidosve.com\/?attachment_id=10296\" class=\"wp-image-10296\" srcset=\"https:\/\/elmetidosv.com\/wp-content\/uploads\/2020\/10\/0000-265.jpg 360w, https:\/\/elmetidosv.com\/wp-content\/uploads\/2020\/10\/0000-265-300x142.jpg 300w\" sizes=\"auto, (max-width: 360px) 100vw, 360px\" \/><\/figure><\/li><li class=\"blocks-gallery-item\"><figure><img loading=\"lazy\" decoding=\"async\" width=\"360\" height=\"170\" src=\"http:\/\/elmetidosve.com\/wp-content\/uploads\/2020\/10\/000-177.jpg\" alt=\"\" data-id=\"10297\" data-full-url=\"http:\/\/elmetidosve.com\/wp-content\/uploads\/2020\/10\/000-177.jpg\" data-link=\"http:\/\/elmetidosve.com\/?attachment_id=10297\" class=\"wp-image-10297\" srcset=\"https:\/\/elmetidosv.com\/wp-content\/uploads\/2020\/10\/000-177.jpg 360w, https:\/\/elmetidosv.com\/wp-content\/uploads\/2020\/10\/000-177-300x142.jpg 300w\" sizes=\"auto, (max-width: 360px) 100vw, 360px\" \/><\/figure><\/li><\/ul><\/figure>\n\n\n\n<p>El Ministerio de Educaci\u00f3n inform\u00f3 ayer jueves que entreg\u00f3 computadoras port\u00e1tiles a maestros de 15 escuela p\u00fablicas del departamento de Usulut\u00e1n, los cuales se capacitaron para la plataforma de Google Classroom.<\/p>\n\n\n\n<p>Los maestros llegaron a un centro educativo del referido departamento y recogieron el equipo tecnol\u00f3gico, para continuar las clases virtuales a la comunidad estudiantil.<\/p>\n\n\n\n<p>En la entrega los profesores cumplieron con las medidas de bioseguridad para recoger las computadoras port\u00e1tiles, explicaron las autoridades de Educaci\u00f3n.<\/p>\n\n\n\n<p>El Gobierno del Presidente Bukele suspendi\u00f3 las clases presenciales en el sector p\u00fablico durante el 2020, privado y superior en todo el pa\u00eds, con el objetivo de evitar contagios de COVID-19 en la comunidad estudiantil.<\/p>\n\n\n\n<p>La Ministra de Educaci\u00f3n, Karla Hanan\u00eda de Varela, detall\u00f3 que las clases solo se reanudaran cuando no exista \u201cpeligro\u201d que los estudiantes no puedan contagiarse del COVID-19 y tambi\u00e9n evitar aglomeraciones.<\/p>\n","protected":false},"excerpt":{"rendered":"<p>El Ministerio de Educaci\u00f3n inform\u00f3 ayer jueves que entreg\u00f3 computadoras port\u00e1tiles a maestros de 15 escuela p\u00fablicas del departamento de<\/p>\n","protected":false},"author":2,"featured_media":10296,"comment_status":"open","ping_status":"open","sticky":false,"template":"","format":"standard","meta":{"colormag_page_container_layout":"default_layout","colormag_page_sidebar_layout":"default_layout","footnotes":""},"categories":[1],"tags":[],"class_list":["post-10295","post","type-post","status-publish","format-standard","has-post-thumbnail","hentry","category-nacional"],"_links":{"self":[{"href":"https:\/\/elmetidosv.com\/index.php?rest_route=\/wp\/v2\/posts\/10295","targetHints":{"allow":["GET"]}}],"collection":[{"href":"https:\/\/elmetidosv.com\/index.php?rest_route=\/wp\/v2\/posts"}],"about":[{"href":"https:\/\/elmetidosv.com\/index.php?rest_route=\/wp\/v2\/types\/post"}],"author":[{"embeddable":true,"href":"https:\/\/elmetidosv.com\/index.php?rest_route=\/wp\/v2\/users\/2"}],"replies":[{"embeddable":true,"href":"https:\/\/elmetidosv.com\/index.php?rest_route=%2Fwp%2Fv2%2Fcomments&post=10295"}],"version-history":[{"count":2,"href":"https:\/\/elmetidosv.com\/index.php?rest_route=\/wp\/v2\/posts\/10295\/revisions"}],"predecessor-version":[{"id":10300,"href":"https:\/\/elmetidosv.com\/index.php?rest_route=\/wp\/v2\/posts\/10295\/revisions\/10300"}],"wp:featuredmedia":[{"embeddable":true,"href":"https:\/\/elmetidosv.com\/index.php?rest_route=\/wp\/v2\/media\/10296"}],"wp:attachment":[{"href":"https:\/\/elmetidosv.com\/index.php?rest_route=%2Fwp%2Fv2%2Fmedia&parent=10295"}],"wp:term":[{"taxonomy":"category","embeddable":true,"href":"https:\/\/elmetidosv.com\/index.php?rest_route=%2Fwp%2Fv2%2Fcategories&post=10295"},{"taxonomy":"post_tag","embeddable":true,"href":"https:\/\/elmetidosv.com\/index.php?rest_route=%2Fwp%2Fv2%2Ftags&post=10295"}],"curies":[{"name":"wp","href":"https:\/\/api.w.org\/{rel}","templated":true}]}}