{"id":10204,"date":"2020-10-29T16:47:27","date_gmt":"2020-10-29T22:47:27","guid":{"rendered":"http:\/\/elmetidosve.com\/?p=10204"},"modified":"2020-10-29T16:47:34","modified_gmt":"2020-10-29T22:47:34","slug":"ministro-duran-entrega-paquetes-alimentarios-a-5000-pescadores-artesanales","status":"publish","type":"post","link":"https:\/\/elmetidosv.com\/?p=10204","title":{"rendered":"Ministro Dur\u00e1n entrega paquetes alimentarios a 5,000 pescadores artesanales"},"content":{"rendered":"\n<p>El Gobierno del Presidente Nayib Bukele, a trav\u00e9s del Ministerio de Gobernaci\u00f3n, entreg\u00f3 esta ma\u00f1ana paquetes alimenticios a pescadores artesanales de islas afectados por la pandemia del Covid-19.<\/p>\n\n\n\n<p>La entrega fue liderada por el ministro Mario Dur\u00e1n, quien asegur\u00f3 que m\u00e1s de 5,000 pescadores artesanales de las islas del Golfo de Fonseca fueron beneficiados por el Programa de Emergencia Sanitaria (PES) .<\/p>\n\n\n\n<p>\u201cEstamos aqu\u00ed para regresarle sus impuestos, este paquete es dinero del pueblo, regresando al pueblo\u201d, expres\u00f3 el funcionario.<\/p>\n\n\n\n<p>Esta entrega es una de las diversas acciones que realiza el Gobierno, con el objetivo primordial de garantizar alimentos y art\u00edculos de primera necesidad a las familias salvadore\u00f1as.<\/p>\n\n\n\n<p>Las autoridades agregaron que en los pr\u00f3ximos d\u00edas beneficiar\u00e1n a m\u00e1s familias salvadore\u00f1as afectadas por la pandemia.<\/p>\n","protected":false},"excerpt":{"rendered":"<p>El Gobierno del Presidente Nayib Bukele, a trav\u00e9s del Ministerio de Gobernaci\u00f3n, entreg\u00f3 esta ma\u00f1ana paquetes alimenticios a pescadores artesanales<\/p>\n","protected":false},"author":2,"featured_media":10205,"comment_status":"open","ping_status":"open","sticky":false,"template":"","format":"standard","meta":{"colormag_page_container_layout":"default_layout","colormag_page_sidebar_layout":"default_layout","footnotes":""},"categories":[1],"tags":[],"class_list":["post-10204","post","type-post","status-publish","format-standard","has-post-thumbnail","hentry","category-nacional"],"_links":{"self":[{"href":"https:\/\/elmetidosv.com\/index.php?rest_route=\/wp\/v2\/posts\/10204","targetHints":{"allow":["GET"]}}],"collection":[{"href":"https:\/\/elmetidosv.com\/index.php?rest_route=\/wp\/v2\/posts"}],"about":[{"href":"https:\/\/elmetidosv.com\/index.php?rest_route=\/wp\/v2\/types\/post"}],"author":[{"embeddable":true,"href":"https:\/\/elmetidosv.com\/index.php?rest_route=\/wp\/v2\/users\/2"}],"replies":[{"embeddable":true,"href":"https:\/\/elmetidosv.com\/index.php?rest_route=%2Fwp%2Fv2%2Fcomments&post=10204"}],"version-history":[{"count":1,"href":"https:\/\/elmetidosv.com\/index.php?rest_route=\/wp\/v2\/posts\/10204\/revisions"}],"predecessor-version":[{"id":10206,"href":"https:\/\/elmetidosv.com\/index.php?rest_route=\/wp\/v2\/posts\/10204\/revisions\/10206"}],"wp:featuredmedia":[{"embeddable":true,"href":"https:\/\/elmetidosv.com\/index.php?rest_route=\/wp\/v2\/media\/10205"}],"wp:attachment":[{"href":"https:\/\/elmetidosv.com\/index.php?rest_route=%2Fwp%2Fv2%2Fmedia&parent=10204"}],"wp:term":[{"taxonomy":"category","embeddable":true,"href":"https:\/\/elmetidosv.com\/index.php?rest_route=%2Fwp%2Fv2%2Fcategories&post=10204"},{"taxonomy":"post_tag","embeddable":true,"href":"https:\/\/elmetidosv.com\/index.php?rest_route=%2Fwp%2Fv2%2Ftags&post=10204"}],"curies":[{"name":"wp","href":"https:\/\/api.w.org\/{rel}","templated":true}]}}