{"id":10030,"date":"2020-10-25T12:15:38","date_gmt":"2020-10-25T18:15:38","guid":{"rendered":"http:\/\/elmetidosve.com\/?p=10030"},"modified":"2020-10-25T12:15:46","modified_gmt":"2020-10-25T18:15:46","slug":"paramedicos-atienden-a-ciclista-que-impacto-contra-el-pavimento-tras-perder-el-control-en-opico","status":"publish","type":"post","link":"https:\/\/elmetidosv.com\/?p=10030","title":{"rendered":"Param\u00e9dicos atienden a ciclista que impact\u00f3 contra el pavimento tras perder el control en Opico"},"content":{"rendered":"\n<p>La Libertad.\u2014 Param\u00e9dicos de comandos de Salvamento destacados en Ciudad Arce, atendieron esta ma\u00f1ana a un ciclista que result\u00f3 lesionado tras perder el control de la bicicleta en que se conduc\u00eda.<\/p>\n\n\n\n<p>Al parecer, el joven junto a otro grupo de ciclistas se conduc\u00eda sobre el sector de la calle San Francisco, en San Juan Opico y tras pasar sobre una curva, perdi\u00f3 el control cayendo de frente contra el pavimento.<\/p>\n\n\n\n<p>Por el momento se desconoce el tipo de lesiones que sufri\u00f3 el corredor, no obstante se inform\u00f3 que fue trasladado a un centro hospitalario para recibir asistencia m\u00e9dica.<\/p>\n\n\n\n<p>Los fines de semana es frecuente observar a grupos de ciclistas en las carreteras y v\u00edas de acceso del pa\u00eds; por ello, los rescatistas recomiendan tener precauci\u00f3n y respetar los l\u00edmites de velocidad a fin de evitar accidentes.<\/p>\n","protected":false},"excerpt":{"rendered":"<p>La Libertad.\u2014 Param\u00e9dicos de comandos de Salvamento destacados en Ciudad Arce, atendieron esta ma\u00f1ana a un ciclista que result\u00f3 lesionado<\/p>\n","protected":false},"author":2,"featured_media":10031,"comment_status":"open","ping_status":"open","sticky":false,"template":"","format":"standard","meta":{"colormag_page_container_layout":"default_layout","colormag_page_sidebar_layout":"default_layout","footnotes":""},"categories":[1],"tags":[],"class_list":["post-10030","post","type-post","status-publish","format-standard","has-post-thumbnail","hentry","category-nacional"],"_links":{"self":[{"href":"https:\/\/elmetidosv.com\/index.php?rest_route=\/wp\/v2\/posts\/10030","targetHints":{"allow":["GET"]}}],"collection":[{"href":"https:\/\/elmetidosv.com\/index.php?rest_route=\/wp\/v2\/posts"}],"about":[{"href":"https:\/\/elmetidosv.com\/index.php?rest_route=\/wp\/v2\/types\/post"}],"author":[{"embeddable":true,"href":"https:\/\/elmetidosv.com\/index.php?rest_route=\/wp\/v2\/users\/2"}],"replies":[{"embeddable":true,"href":"https:\/\/elmetidosv.com\/index.php?rest_route=%2Fwp%2Fv2%2Fcomments&post=10030"}],"version-history":[{"count":1,"href":"https:\/\/elmetidosv.com\/index.php?rest_route=\/wp\/v2\/posts\/10030\/revisions"}],"predecessor-version":[{"id":10032,"href":"https:\/\/elmetidosv.com\/index.php?rest_route=\/wp\/v2\/posts\/10030\/revisions\/10032"}],"wp:featuredmedia":[{"embeddable":true,"href":"https:\/\/elmetidosv.com\/index.php?rest_route=\/wp\/v2\/media\/10031"}],"wp:attachment":[{"href":"https:\/\/elmetidosv.com\/index.php?rest_route=%2Fwp%2Fv2%2Fmedia&parent=10030"}],"wp:term":[{"taxonomy":"category","embeddable":true,"href":"https:\/\/elmetidosv.com\/index.php?rest_route=%2Fwp%2Fv2%2Fcategories&post=10030"},{"taxonomy":"post_tag","embeddable":true,"href":"https:\/\/elmetidosv.com\/index.php?rest_route=%2Fwp%2Fv2%2Ftags&post=10030"}],"curies":[{"name":"wp","href":"https:\/\/api.w.org\/{rel}","templated":true}]}}