{"id":10022,"date":"2020-10-25T11:58:38","date_gmt":"2020-10-25T17:58:38","guid":{"rendered":"http:\/\/elmetidosve.com\/?p=10022"},"modified":"2020-10-25T11:58:45","modified_gmt":"2020-10-25T17:58:45","slug":"accidente-de-transito-se-registro-la-manana-de-este-domingo-en-san-salvador","status":"publish","type":"post","link":"https:\/\/elmetidosv.com\/?p=10022","title":{"rendered":"Accidente de tr\u00e1nsito se registr\u00f3 la ma\u00f1ana de este domingo en San Salvador"},"content":{"rendered":"\n<p>Un accidente de tr\u00e1nsito se registr\u00f3 la ma\u00f1ana de este domingo sobre la avenida Peralta, en las cercan\u00edas del Reloj de Flores de San Salvador, seg\u00fan reportes de ciudadanos.<\/p>\n\n\n\n<p>En el lugar, un veh\u00edculo particular tipo sed\u00e1n volc\u00f3, presumiblemente debido a la alta velocidad y distracci\u00f3n a la hora de conducir.<\/p>\n\n\n\n<p>Pese a lo aparatoso del accidente, no se reportaron personas lesionadas, \u00fanicamente da\u00f1os materiales y trafico complicado en la zona.<\/p>\n\n\n\n<p>Al cierre de esta nota no se proporcion\u00f3 la identidad del conductor del veh\u00edculo y si este estaba en condiciones \u00f3ptimas al momento en que se gener\u00f3 el accidente vial.<\/p>\n","protected":false},"excerpt":{"rendered":"<p>Un accidente de tr\u00e1nsito se registr\u00f3 la ma\u00f1ana de este domingo sobre la avenida Peralta, en las cercan\u00edas del Reloj<\/p>\n","protected":false},"author":2,"featured_media":10023,"comment_status":"open","ping_status":"open","sticky":false,"template":"","format":"standard","meta":{"colormag_page_container_layout":"default_layout","colormag_page_sidebar_layout":"default_layout","footnotes":""},"categories":[1],"tags":[],"class_list":["post-10022","post","type-post","status-publish","format-standard","has-post-thumbnail","hentry","category-nacional"],"_links":{"self":[{"href":"https:\/\/elmetidosv.com\/index.php?rest_route=\/wp\/v2\/posts\/10022","targetHints":{"allow":["GET"]}}],"collection":[{"href":"https:\/\/elmetidosv.com\/index.php?rest_route=\/wp\/v2\/posts"}],"about":[{"href":"https:\/\/elmetidosv.com\/index.php?rest_route=\/wp\/v2\/types\/post"}],"author":[{"embeddable":true,"href":"https:\/\/elmetidosv.com\/index.php?rest_route=\/wp\/v2\/users\/2"}],"replies":[{"embeddable":true,"href":"https:\/\/elmetidosv.com\/index.php?rest_route=%2Fwp%2Fv2%2Fcomments&post=10022"}],"version-history":[{"count":1,"href":"https:\/\/elmetidosv.com\/index.php?rest_route=\/wp\/v2\/posts\/10022\/revisions"}],"predecessor-version":[{"id":10024,"href":"https:\/\/elmetidosv.com\/index.php?rest_route=\/wp\/v2\/posts\/10022\/revisions\/10024"}],"wp:featuredmedia":[{"embeddable":true,"href":"https:\/\/elmetidosv.com\/index.php?rest_route=\/wp\/v2\/media\/10023"}],"wp:attachment":[{"href":"https:\/\/elmetidosv.com\/index.php?rest_route=%2Fwp%2Fv2%2Fmedia&parent=10022"}],"wp:term":[{"taxonomy":"category","embeddable":true,"href":"https:\/\/elmetidosv.com\/index.php?rest_route=%2Fwp%2Fv2%2Fcategories&post=10022"},{"taxonomy":"post_tag","embeddable":true,"href":"https:\/\/elmetidosv.com\/index.php?rest_route=%2Fwp%2Fv2%2Ftags&post=10022"}],"curies":[{"name":"wp","href":"https:\/\/api.w.org\/{rel}","templated":true}]}}